{"id":6931,"date":"2026-03-04T23:35:00","date_gmt":"2026-03-04T23:35:00","guid":{"rendered":"https:\/\/tlatelolcounam.mx\/uva\/?p=6931"},"modified":"2026-04-08T18:55:43","modified_gmt":"2026-04-08T18:55:43","slug":"libros-que-abrazan-abr","status":"publish","type":"post","link":"https:\/\/tlatelolcounam.mx\/uva\/libros-que-abrazan-abr\/","title":{"rendered":"LIBROS QUE ABRAZAN | Lecturas"},"content":{"rendered":"\n<p class=\"has-medium-font-size\">\u00bfSab\u00edas que lxs beb\u00e9s tambi\u00e9n leen? Antes que las letras, leen tu voz, tu rostro, su entorno \u00a1todo! Ven a leer con tu beb\u00e9, aqu\u00ed te acompa\u00f1amos y mostramos libros para disfrutar en familia<strong><br><br>Todos los viernes de abril a las 11 h <\/strong><style>&amp;amp;amp;amp;amp;amp;lt;br>.thumbnail img, img.size-full, img.size-large, img.wp-post-image {&amp;amp;amp;amp;amp;amp;lt;br> height: auto;&amp;amp;amp;amp;amp;amp;lt;br> max-width: 100%;&amp;amp;amp;amp;amp;amp;lt;br> display: none;<\/style><\/p>\n\n\n\n<p>Biblioteca Ala\u00edde Foppa<\/p>\n\n\n\n<div id=\"section-g-kgxx1ee\" class=\"wp-block-gutentor-e6 section-g-kgxx1ee gutentor-element gutentor-element-image\"><div class=\"gutentor-element-image-box\"><div class=\"gutentor-image-thumb\"><img decoding=\"async\" class=\"normal-image\" src=\"https:\/\/tlatelolcounam.mx\/uva\/wp-content\/uploads\/2026\/04\/1017-Y-24-DE-ABRIL-UVA-scaled.jpg\" srcset=\"https:\/\/tlatelolcounam.mx\/uva\/wp-content\/uploads\/2026\/04\/1017-Y-24-DE-ABRIL-UVA-scaled.jpg 2x\"\/><\/div><\/div><\/div>\n","protected":false},"excerpt":{"rendered":"<p>\u00bfSab\u00edas que lxs beb\u00e9s tambi\u00e9n leen? Ven a leerles en colectivo<\/p>\n","protected":false},"author":2,"featured_media":6971,"comment_status":"closed","ping_status":"open","sticky":false,"template":"","format":"standard","meta":{"footnotes":""},"categories":[93],"tags":[],"class_list":["post-6931","post","type-post","status-publish","format-standard","has-post-thumbnail","hentry","category-portada-3","odd"],"gutentor_comment":0,"_links":{"self":[{"href":"https:\/\/tlatelolcounam.mx\/uva\/wp-json\/wp\/v2\/posts\/6931","targetHints":{"allow":["GET"]}}],"collection":[{"href":"https:\/\/tlatelolcounam.mx\/uva\/wp-json\/wp\/v2\/posts"}],"about":[{"href":"https:\/\/tlatelolcounam.mx\/uva\/wp-json\/wp\/v2\/types\/post"}],"author":[{"embeddable":true,"href":"https:\/\/tlatelolcounam.mx\/uva\/wp-json\/wp\/v2\/users\/2"}],"replies":[{"embeddable":true,"href":"https:\/\/tlatelolcounam.mx\/uva\/wp-json\/wp\/v2\/comments?post=6931"}],"version-history":[{"count":2,"href":"https:\/\/tlatelolcounam.mx\/uva\/wp-json\/wp\/v2\/posts\/6931\/revisions"}],"predecessor-version":[{"id":6995,"href":"https:\/\/tlatelolcounam.mx\/uva\/wp-json\/wp\/v2\/posts\/6931\/revisions\/6995"}],"wp:featuredmedia":[{"embeddable":true,"href":"https:\/\/tlatelolcounam.mx\/uva\/wp-json\/wp\/v2\/media\/6971"}],"wp:attachment":[{"href":"https:\/\/tlatelolcounam.mx\/uva\/wp-json\/wp\/v2\/media?parent=6931"}],"wp:term":[{"taxonomy":"category","embeddable":true,"href":"https:\/\/tlatelolcounam.mx\/uva\/wp-json\/wp\/v2\/categories?post=6931"},{"taxonomy":"post_tag","embeddable":true,"href":"https:\/\/tlatelolcounam.mx\/uva\/wp-json\/wp\/v2\/tags?post=6931"}],"curies":[{"name":"wp","href":"https:\/\/api.w.org\/{rel}","templated":true}]}}