{"id":6922,"date":"2026-03-04T23:49:24","date_gmt":"2026-03-04T23:49:24","guid":{"rendered":"https:\/\/tlatelolcounam.mx\/uva\/?p=6922"},"modified":"2026-04-08T18:45:41","modified_gmt":"2026-04-08T18:45:41","slug":"tribunal-para_adultos","status":"publish","type":"post","link":"https:\/\/tlatelolcounam.mx\/uva\/tribunal-para_adultos\/","title":{"rendered":"TRIBUNAL PARA ADULTOS"},"content":{"rendered":"\n<p>Gilian es una infancia de seis a\u00f1os que est\u00e1 harta de que sus pap\u00e1s no pasen tiempo con \u00e9l y con su hermana, por ello decide acudir al \u201cTribunal para adultos\u201d en la Rep\u00fablica del Relleno de Algod\u00f3n. Ah\u00ed expondr\u00e1 su caso para que sus padres sean juzgados y reciban castigo por el da\u00f1o que le han hecho.<\/p>\n\n\n\n\n\n<div id=\"section-g-eeew0wj\" class=\"wp-block-gutentor-e6 section-g-eeew0wj gutentor-element gutentor-element-image\"><div class=\"gutentor-element-image-box\"><div class=\"gutentor-image-thumb\"><img decoding=\"async\" class=\"normal-image\" src=\"https:\/\/tlatelolcounam.mx\/uva\/wp-content\/uploads\/2026\/03\/OA_Sociales_abril_2_Mesa-de-trabajo-1-copia-copy-8-scaled.jpg\" srcset=\"https:\/\/tlatelolcounam.mx\/uva\/wp-content\/uploads\/2026\/03\/OA_Sociales_abril_2_Mesa-de-trabajo-1-copia-copy-8-scaled.jpg 2x\"\/><\/div><\/div><\/div>\n\n\n\n<p><style> \n.thumbnail img, img.size-full, img.size-large, img.wp-post-image {\n    height: auto;\n    max-width: 100%;\n    display: none;<\/style><\/p>\n","protected":false},"excerpt":{"rendered":"<p>\u00a1Los adultos al estrado!<\/p>\n","protected":false},"author":2,"featured_media":6987,"comment_status":"closed","ping_status":"open","sticky":false,"template":"","format":"standard","meta":{"footnotes":""},"categories":[76],"tags":[],"class_list":["post-6922","post","type-post","status-publish","format-standard","has-post-thumbnail","hentry","category-portada","odd"],"gutentor_comment":0,"_links":{"self":[{"href":"https:\/\/tlatelolcounam.mx\/uva\/wp-json\/wp\/v2\/posts\/6922","targetHints":{"allow":["GET"]}}],"collection":[{"href":"https:\/\/tlatelolcounam.mx\/uva\/wp-json\/wp\/v2\/posts"}],"about":[{"href":"https:\/\/tlatelolcounam.mx\/uva\/wp-json\/wp\/v2\/types\/post"}],"author":[{"embeddable":true,"href":"https:\/\/tlatelolcounam.mx\/uva\/wp-json\/wp\/v2\/users\/2"}],"replies":[{"embeddable":true,"href":"https:\/\/tlatelolcounam.mx\/uva\/wp-json\/wp\/v2\/comments?post=6922"}],"version-history":[{"count":2,"href":"https:\/\/tlatelolcounam.mx\/uva\/wp-json\/wp\/v2\/posts\/6922\/revisions"}],"predecessor-version":[{"id":6989,"href":"https:\/\/tlatelolcounam.mx\/uva\/wp-json\/wp\/v2\/posts\/6922\/revisions\/6989"}],"wp:featuredmedia":[{"embeddable":true,"href":"https:\/\/tlatelolcounam.mx\/uva\/wp-json\/wp\/v2\/media\/6987"}],"wp:attachment":[{"href":"https:\/\/tlatelolcounam.mx\/uva\/wp-json\/wp\/v2\/media?parent=6922"}],"wp:term":[{"taxonomy":"category","embeddable":true,"href":"https:\/\/tlatelolcounam.mx\/uva\/wp-json\/wp\/v2\/categories?post=6922"},{"taxonomy":"post_tag","embeddable":true,"href":"https:\/\/tlatelolcounam.mx\/uva\/wp-json\/wp\/v2\/tags?post=6922"}],"curies":[{"name":"wp","href":"https:\/\/api.w.org\/{rel}","templated":true}]}}