{"id":6307,"date":"2025-08-28T20:05:20","date_gmt":"2025-08-28T20:05:20","guid":{"rendered":"https:\/\/tlatelolcounam.mx\/uva\/?p=6307"},"modified":"2025-09-09T08:01:09","modified_gmt":"2025-09-09T08:01:09","slug":"guia_atencion_incluyente","status":"publish","type":"post","link":"https:\/\/tlatelolcounam.mx\/uva\/guia_atencion_incluyente\/","title":{"rendered":"Activaci\u00f3n de la &#8220;Gu\u00eda para la atenci\u00f3n incluyente y no discriminatoria de p\u00fablicos&#8221;"},"content":{"rendered":"\n<p class=\"has-medium-font-size\">Conoce nuestra propia gu\u00eda con la que buscamos mejorar la atenci\u00f3n a p\u00fablicos diversos. <\/p>\n\n\n\n<p class=\"has-medium-font-size\">Inscrpiciones en: uva@tlatelolcounam.mx<br><\/p>\n\n\n\n<p><\/p>\n\n\n\n\n\n<div id=\"section-g-eeew0wj\" class=\"wp-block-gutentor-e6 section-g-eeew0wj gutentor-element gutentor-element-image\"><div class=\"gutentor-element-image-box\"><div class=\"gutentor-image-thumb\"><img decoding=\"async\" class=\"normal-image\" src=\"https:\/\/tlatelolcounam.mx\/uva\/wp-content\/uploads\/2025\/08\/12-DE-SEPTIEMBRE-UVA-scaled.jpg\" srcset=\"https:\/\/tlatelolcounam.mx\/uva\/wp-content\/uploads\/2025\/08\/WhatsApp-Image-2025-08-27-at-6.37.04-PM.jpeg 2x\"\/><\/div><\/div><\/div>\n\n\n\n<p><style> \n.thumbnail img, img.size-full, img.size-large, img.wp-post-image {\n    height: auto;\n    max-width: 100%;\n    display: none;<\/style><\/p>\n","protected":false},"excerpt":{"rendered":"<p>\u00bfC\u00f3mo atendemos p\u00fablicos diversos desde un lugar m\u00e1s amable?<\/p>\n","protected":false},"author":2,"featured_media":6308,"comment_status":"closed","ping_status":"open","sticky":false,"template":"","format":"standard","meta":{"footnotes":""},"categories":[76],"tags":[],"class_list":["post-6307","post","type-post","status-publish","format-standard","has-post-thumbnail","hentry","category-portada","odd"],"gutentor_comment":0,"_links":{"self":[{"href":"https:\/\/tlatelolcounam.mx\/uva\/wp-json\/wp\/v2\/posts\/6307","targetHints":{"allow":["GET"]}}],"collection":[{"href":"https:\/\/tlatelolcounam.mx\/uva\/wp-json\/wp\/v2\/posts"}],"about":[{"href":"https:\/\/tlatelolcounam.mx\/uva\/wp-json\/wp\/v2\/types\/post"}],"author":[{"embeddable":true,"href":"https:\/\/tlatelolcounam.mx\/uva\/wp-json\/wp\/v2\/users\/2"}],"replies":[{"embeddable":true,"href":"https:\/\/tlatelolcounam.mx\/uva\/wp-json\/wp\/v2\/comments?post=6307"}],"version-history":[{"count":2,"href":"https:\/\/tlatelolcounam.mx\/uva\/wp-json\/wp\/v2\/posts\/6307\/revisions"}],"predecessor-version":[{"id":6341,"href":"https:\/\/tlatelolcounam.mx\/uva\/wp-json\/wp\/v2\/posts\/6307\/revisions\/6341"}],"wp:featuredmedia":[{"embeddable":true,"href":"https:\/\/tlatelolcounam.mx\/uva\/wp-json\/wp\/v2\/media\/6308"}],"wp:attachment":[{"href":"https:\/\/tlatelolcounam.mx\/uva\/wp-json\/wp\/v2\/media?parent=6307"}],"wp:term":[{"taxonomy":"category","embeddable":true,"href":"https:\/\/tlatelolcounam.mx\/uva\/wp-json\/wp\/v2\/categories?post=6307"},{"taxonomy":"post_tag","embeddable":true,"href":"https:\/\/tlatelolcounam.mx\/uva\/wp-json\/wp\/v2\/tags?post=6307"}],"curies":[{"name":"wp","href":"https:\/\/api.w.org\/{rel}","templated":true}]}}