{"id":6304,"date":"2025-08-28T01:14:52","date_gmt":"2025-08-28T01:14:52","guid":{"rendered":"https:\/\/tlatelolcounam.mx\/uva\/?p=6304"},"modified":"2025-09-09T07:01:26","modified_gmt":"2025-09-09T07:01:26","slug":"herramientas_para_la_paz","status":"publish","type":"post","link":"https:\/\/tlatelolcounam.mx\/uva\/herramientas_para_la_paz\/","title":{"rendered":"Taller especial: Herramientas para educar hacia la paz"},"content":{"rendered":"\n<p class=\"has-medium-font-size\">\u00bfTe interesa reunir herramientas para la resoluci\u00f3n de conflicto en proyectos colectivos?<br>Inscr\u00edbete de manera gratuita aqu\u00ed: <a href=\"https:\/\/forms.gle\/uzw1FaARXW3zdBBb6\">https:\/\/forms.gle\/uzw1FaARXW3zdBBb6<\/a><br><\/p>\n\n\n\n<p><\/p>\n\n\n\n\n\n<div id=\"section-g-eeew0wj\" class=\"wp-block-gutentor-e6 section-g-eeew0wj gutentor-element gutentor-element-image\"><div class=\"gutentor-element-image-box\"><div class=\"gutentor-image-thumb\"><img decoding=\"async\" class=\"normal-image\" src=\"https:\/\/tlatelolcounam.mx\/uva\/wp-content\/uploads\/2025\/08\/WhatsApp-Image-2025-08-27-at-6.37.04-PM.jpeg\" srcset=\"https:\/\/tlatelolcounam.mx\/uva\/wp-content\/uploads\/2025\/08\/WhatsApp-Image-2025-08-27-at-6.37.04-PM.jpeg 2x\"\/><\/div><\/div><\/div>\n\n\n\n<p><style> \n.thumbnail img, img.size-full, img.size-large, img.wp-post-image {\n    height: auto;\n    max-width: 100%;\n    display: none;<\/style><\/p>\n","protected":false},"excerpt":{"rendered":"<p>\u00a1Construyamos juntxs!<\/p>\n","protected":false},"author":2,"featured_media":6305,"comment_status":"closed","ping_status":"open","sticky":false,"template":"","format":"standard","meta":{"footnotes":""},"categories":[1],"tags":[],"class_list":["post-6304","post","type-post","status-publish","format-standard","has-post-thumbnail","hentry","category-sin-categoria","odd"],"gutentor_comment":0,"_links":{"self":[{"href":"https:\/\/tlatelolcounam.mx\/uva\/wp-json\/wp\/v2\/posts\/6304","targetHints":{"allow":["GET"]}}],"collection":[{"href":"https:\/\/tlatelolcounam.mx\/uva\/wp-json\/wp\/v2\/posts"}],"about":[{"href":"https:\/\/tlatelolcounam.mx\/uva\/wp-json\/wp\/v2\/types\/post"}],"author":[{"embeddable":true,"href":"https:\/\/tlatelolcounam.mx\/uva\/wp-json\/wp\/v2\/users\/2"}],"replies":[{"embeddable":true,"href":"https:\/\/tlatelolcounam.mx\/uva\/wp-json\/wp\/v2\/comments?post=6304"}],"version-history":[{"count":1,"href":"https:\/\/tlatelolcounam.mx\/uva\/wp-json\/wp\/v2\/posts\/6304\/revisions"}],"predecessor-version":[{"id":6306,"href":"https:\/\/tlatelolcounam.mx\/uva\/wp-json\/wp\/v2\/posts\/6304\/revisions\/6306"}],"wp:featuredmedia":[{"embeddable":true,"href":"https:\/\/tlatelolcounam.mx\/uva\/wp-json\/wp\/v2\/media\/6305"}],"wp:attachment":[{"href":"https:\/\/tlatelolcounam.mx\/uva\/wp-json\/wp\/v2\/media?parent=6304"}],"wp:term":[{"taxonomy":"category","embeddable":true,"href":"https:\/\/tlatelolcounam.mx\/uva\/wp-json\/wp\/v2\/categories?post=6304"},{"taxonomy":"post_tag","embeddable":true,"href":"https:\/\/tlatelolcounam.mx\/uva\/wp-json\/wp\/v2\/tags?post=6304"}],"curies":[{"name":"wp","href":"https:\/\/api.w.org\/{rel}","templated":true}]}}