{"id":6268,"date":"2025-08-15T22:07:00","date_gmt":"2025-08-15T22:07:00","guid":{"rendered":"https:\/\/tlatelolcounam.mx\/uva\/?p=6268"},"modified":"2025-08-15T22:07:00","modified_gmt":"2025-08-15T22:07:00","slug":"promomixxv","status":"publish","type":"post","link":"https:\/\/tlatelolcounam.mx\/uva\/promomixxv\/","title":{"rendered":"50% DE DESCUENTO | PROMO MIS XV"},"content":{"rendered":"\n<p class=\"has-vivid-purple-color has-text-color has-link-color has-large-font-size wp-elements-6d4d62b7bce65eaa9a075d5b3f4fc7c8\"><strong><br>-\u00bfYa est\u00e1s listx\u00a0para el Ciclo 30 | Mis XV? <\/strong><\/p>\n\n\n\n<p class=\"has-vivid-purple-color has-text-color has-link-color has-large-font-size wp-elements-e3c0518f293554914f89a86e61024a72\"><strong>-S\u00ed, ya tengo mi tacuche <\/strong><\/p>\n\n\n\n<p class=\"has-vivid-purple-color has-text-color has-link-color has-large-font-size wp-elements-6de844952446093ff4f5e9b5d0bdd611\"><strong>-\u00a1Y yo mi vestido esponjado!<\/strong><\/p>\n\n\n\n<p class=\"has-vivid-purple-color has-text-color has-link-color has-x-large-font-size wp-elements-189b2b5392777eca92b1f6ce18a02a7a\"><strong><br>\u00a1LL\u00c9VATE UN TALLER AL 50% DE DESCUENTO!<\/strong><\/p>\n\n\n\n<p class=\"has-large-font-size\"> Ven a inscribirte a la UVA con tus mejores galas para la celebraci\u00f3n y comp\u00e1rtenos un deseo para nuestras redes. <strong>S\u00f3lo este s\u00e1bado 16 de agosto, de 10 a 14 h<\/strong><\/p>\n\n\n\n<p class=\"has-medium-font-size\"><br>V\u00e1lido para nuevas inscripciones en talleres con cupo, realizadas en nuestras instalaciones. <\/p>\n\n\n\n<p class=\"has-large-font-size\"><br><\/p>\n\n\n\n<p><\/p>\n\n\n\n<p>\ud83e\udd14<strong>\u00bfQu\u00e9 debo hacer?<\/strong><\/p>\n\n\n\n<ol style=\"list-style-type:1\" class=\"wp-block-list\">\n<li>Asiste a nuestras instalaciones a realizar tu inscripci\u00f3n<\/li>\n\n\n\n<li>Puedes realizar tu registro previamente en www.tlatelolcounam.mx\/uva<\/li>\n\n\n\n<li>La promoci\u00f3n ser\u00e1 v\u00e1lida s\u00f3lo este s\u00e1bado 16 de agosto de 10:00 a 14:00 h<\/li>\n\n\n\n<li>Para hacer v\u00e1lida la promoci\u00f3n debes venir vestidx para la fiesta de Xv a\u00f1os de la UVA, ya sea como quincea\u00f1erx o invitadx y ayudarnos a grabar en video un mensaje de felicitaci\u00f3n y buenos deseos por nuestro aniversario.  <\/li>\n\n\n\n<li>Realiza tu pago, en efectivo o con tarjeta de cr\u00e9dito \/ d\u00e9bito, en la taquilla del CCUT<\/li>\n<\/ol>\n\n\n\n<p>\u26a0\ufe0f<strong>Letras chiquitas<\/strong>\u26a0\ufe0f<\/p>\n\n\n\n<p><\/p>\n\n\n\n<ul class=\"wp-block-list\">\n<li>Aplica en todos los talleres con cupo<\/li>\n\n\n\n<li>No aplica en inscripciones realizadas previamente o pagos reatroactivos<\/li>\n\n\n\n<li>No aplica con precios especiales ni con otras promociones<\/li>\n\n\n\n<li>El mensaje que nos dejes en video ser\u00e1 transmitido en nuestras redes sociales por lo que te pediremos firmar una autorizaci\u00f3n y una copia de una identificaci\u00f3n.<\/li>\n<\/ul>\n\n\n\n\n\n<div id=\"section-g-eeew0wj\" class=\"wp-block-gutentor-e6 section-g-eeew0wj gutentor-element gutentor-element-image\"><div class=\"gutentor-element-image-box\"><div class=\"gutentor-image-thumb\"><img decoding=\"async\" class=\"normal-image\" src=\"https:\/\/tlatelolcounam.mx\/uva\/wp-content\/uploads\/2025\/08\/PROMOCIONES50-scaled.jpg\" srcset=\"https:\/\/tlatelolcounam.mx\/uva\/wp-content\/uploads\/2025\/08\/PROMOCIONES50-scaled.jpg 2x\"\/><\/div><\/div><\/div>\n\n\n\n<p><style> \n.thumbnail img, img.size-full, img.size-large, img.wp-post-image {\n    height: auto;\n    max-width: 100%;\n    display: none;<\/style><\/p>\n","protected":false},"excerpt":{"rendered":"<p>Este 16 de agosto<br \/>\n50% de descuento en todos los talleres talleres si vines vestidx para la fiesta de XV a\u00f1os de la UVA y nos compartes una felicitaci\u00f3n para nuestras redes<\/p>\n<p> \u00a1Yo quiero!<\/p>\n","protected":false},"author":2,"featured_media":6269,"comment_status":"closed","ping_status":"open","sticky":false,"template":"","format":"standard","meta":{"footnotes":""},"categories":[76],"tags":[],"class_list":["post-6268","post","type-post","status-publish","format-standard","has-post-thumbnail","hentry","category-portada","odd"],"gutentor_comment":0,"_links":{"self":[{"href":"https:\/\/tlatelolcounam.mx\/uva\/wp-json\/wp\/v2\/posts\/6268","targetHints":{"allow":["GET"]}}],"collection":[{"href":"https:\/\/tlatelolcounam.mx\/uva\/wp-json\/wp\/v2\/posts"}],"about":[{"href":"https:\/\/tlatelolcounam.mx\/uva\/wp-json\/wp\/v2\/types\/post"}],"author":[{"embeddable":true,"href":"https:\/\/tlatelolcounam.mx\/uva\/wp-json\/wp\/v2\/users\/2"}],"replies":[{"embeddable":true,"href":"https:\/\/tlatelolcounam.mx\/uva\/wp-json\/wp\/v2\/comments?post=6268"}],"version-history":[{"count":1,"href":"https:\/\/tlatelolcounam.mx\/uva\/wp-json\/wp\/v2\/posts\/6268\/revisions"}],"predecessor-version":[{"id":6270,"href":"https:\/\/tlatelolcounam.mx\/uva\/wp-json\/wp\/v2\/posts\/6268\/revisions\/6270"}],"wp:featuredmedia":[{"embeddable":true,"href":"https:\/\/tlatelolcounam.mx\/uva\/wp-json\/wp\/v2\/media\/6269"}],"wp:attachment":[{"href":"https:\/\/tlatelolcounam.mx\/uva\/wp-json\/wp\/v2\/media?parent=6268"}],"wp:term":[{"taxonomy":"category","embeddable":true,"href":"https:\/\/tlatelolcounam.mx\/uva\/wp-json\/wp\/v2\/categories?post=6268"},{"taxonomy":"post_tag","embeddable":true,"href":"https:\/\/tlatelolcounam.mx\/uva\/wp-json\/wp\/v2\/tags?post=6268"}],"curies":[{"name":"wp","href":"https:\/\/api.w.org\/{rel}","templated":true}]}}