{"id":6260,"date":"2025-08-12T00:56:46","date_gmt":"2025-08-12T00:56:46","guid":{"rendered":"https:\/\/tlatelolcounam.mx\/uva\/?p=6260"},"modified":"2026-02-09T03:47:34","modified_gmt":"2026-02-09T03:47:34","slug":"celebra_al_doble","status":"publish","type":"post","link":"https:\/\/tlatelolcounam.mx\/uva\/celebra_al_doble\/","title":{"rendered":"Si estamos juntxs, estamos mejor \ud83d\udc9c"},"content":{"rendered":"\n<p class=\"has-vivid-purple-color has-text-color has-link-color has-large-font-size wp-elements-9873cd04520e4dce922fe974f9beeecb\"><strong> Por que uno no es ninguno y dos son compa\u00f1\u00eda, es tiempo de compartir con nuestros seres amadxs la potencia  de un taller o apapacharte al doble<\/strong><\/p>\n\n\n\n<p class=\"has-text-align-center has-vivid-purple-color has-text-color has-link-color has-large-font-size wp-elements-7ea62c29e6c1f230334c9b0a8ecfa384\"><strong>\u00a1ESTE LUNES 9 DE FEBRERO!<br>2 talleres x $1,850.00<\/strong><\/p>\n\n\n\n<p class=\"has-medium-font-size\">Ven a inscribirte a la UVA y elige:<br>Dos talleres para ti.<br>Un mismo taller para dos personas.<br>Dos talleres diferentes para dos personas<br>No te quedes fuera de este Ciclo.<\/p>\n\n\n\n<p>V\u00e1lido para nuevas inscripciones en talleres con cupo, realizadas en nuestras instalaciones.<br><\/p>\n\n\n\n<p><\/p>\n\n\n\n<p>\ud83e\udd14<strong>\u00bfQu\u00e9 debo hacer?<\/strong><\/p>\n\n\n\n<ol style=\"list-style-type:1\" class=\"wp-block-list\">\n<li>Asiste a nuestras instalaciones a realizar tu inscripci\u00f3n<\/li>\n\n\n\n<li>Puedes realizar tu registro previamente en www.tlatelolcounam.mx\/uva<\/li>\n\n\n\n<li>La promoci\u00f3n ser\u00e1 v\u00e1lida s\u00f3lo este lunes 9 de febrero de 10:00 a 18:00 h<\/li>\n\n\n\n<li>Realiza tu pago, en efectivo o con tarjeta de cr\u00e9dito \/ d\u00e9bito, en la taquilla del CCUT<\/li>\n<\/ol>\n\n\n\n<p>\u26a0\ufe0f<strong>Letras chiquitas<\/strong>\u26a0\ufe0f<\/p>\n\n\n\n<ul class=\"wp-block-list\">\n<li>El costo por ambas inscripciones ser\u00e1 de $1,850.00 (Mil ochocientos cincuenta pesos)<\/li>\n\n\n\n<li>Puedes inscribirte a dos talleres o compartir la promoci\u00f3n con otra persona<\/li>\n\n\n\n<li>Ambas personas pueden inscribirse al mismo taller, o bien, a distintos<\/li>\n\n\n\n<li>Pueden elegir un taller para infancias y otro para j\u00f3venes y adultos<\/li>\n\n\n\n<li>Aplica en todos los talleres con cupo<\/li>\n\n\n\n<li>No aplica en inscripciones realizadas previamente o pagos reatroactivos<\/li>\n\n\n\n<li>No aplica con precios especiales ni con otras promociones<\/li>\n<\/ul>\n\n\n\n\n\n<div id=\"section-g-eeew0wj\" class=\"wp-block-gutentor-e6 section-g-eeew0wj gutentor-element gutentor-element-image\"><div class=\"gutentor-element-image-box\"><div class=\"gutentor-image-thumb\"><img decoding=\"async\" class=\"normal-image\" src=\"https:\/\/tlatelolcounam.mx\/uva\/wp-content\/uploads\/2025\/08\/Promo-9-de-febrero.jpg\" srcset=\"https:\/\/tlatelolcounam.mx\/uva\/wp-content\/uploads\/2025\/08\/Promo-9-de-febrero.jpg 2x\"\/><\/div><\/div><\/div>\n\n\n\n<p><style> \n.thumbnail img, img.size-full, img.size-large, img.wp-post-image {\n    height: auto;\n    max-width: 100%;\n    display: none;<\/style><\/p>\n","protected":false},"excerpt":{"rendered":"<p>Este 9 de febrero<br \/>\n2 talleres x $1,850.00<\/p>\n<p> \u00a1Yo quiero!<\/p>\n","protected":false},"author":2,"featured_media":6836,"comment_status":"closed","ping_status":"open","sticky":false,"template":"","format":"standard","meta":{"footnotes":""},"categories":[76],"tags":[],"class_list":["post-6260","post","type-post","status-publish","format-standard","has-post-thumbnail","hentry","category-portada","odd"],"gutentor_comment":0,"_links":{"self":[{"href":"https:\/\/tlatelolcounam.mx\/uva\/wp-json\/wp\/v2\/posts\/6260","targetHints":{"allow":["GET"]}}],"collection":[{"href":"https:\/\/tlatelolcounam.mx\/uva\/wp-json\/wp\/v2\/posts"}],"about":[{"href":"https:\/\/tlatelolcounam.mx\/uva\/wp-json\/wp\/v2\/types\/post"}],"author":[{"embeddable":true,"href":"https:\/\/tlatelolcounam.mx\/uva\/wp-json\/wp\/v2\/users\/2"}],"replies":[{"embeddable":true,"href":"https:\/\/tlatelolcounam.mx\/uva\/wp-json\/wp\/v2\/comments?post=6260"}],"version-history":[{"count":2,"href":"https:\/\/tlatelolcounam.mx\/uva\/wp-json\/wp\/v2\/posts\/6260\/revisions"}],"predecessor-version":[{"id":6837,"href":"https:\/\/tlatelolcounam.mx\/uva\/wp-json\/wp\/v2\/posts\/6260\/revisions\/6837"}],"wp:featuredmedia":[{"embeddable":true,"href":"https:\/\/tlatelolcounam.mx\/uva\/wp-json\/wp\/v2\/media\/6836"}],"wp:attachment":[{"href":"https:\/\/tlatelolcounam.mx\/uva\/wp-json\/wp\/v2\/media?parent=6260"}],"wp:term":[{"taxonomy":"category","embeddable":true,"href":"https:\/\/tlatelolcounam.mx\/uva\/wp-json\/wp\/v2\/categories?post=6260"},{"taxonomy":"post_tag","embeddable":true,"href":"https:\/\/tlatelolcounam.mx\/uva\/wp-json\/wp\/v2\/tags?post=6260"}],"curies":[{"name":"wp","href":"https:\/\/api.w.org\/{rel}","templated":true}]}}