{"id":5946,"date":"2025-04-23T23:25:21","date_gmt":"2025-04-23T23:25:21","guid":{"rendered":"https:\/\/tlatelolcounam.mx\/uva\/?p=5946"},"modified":"2025-04-23T23:25:21","modified_gmt":"2025-04-23T23:25:21","slug":"heroinas-3","status":"publish","type":"post","link":"https:\/\/tlatelolcounam.mx\/uva\/heroinas-3\/","title":{"rendered":"\u00a0MIRAR LIBRITOS: Libros \u00e1lbum de poes\u00eda"},"content":{"rendered":"\n<p>Espacio para combinar acervos de libros \u00e1lbum de poes\u00eda para ni\u00f1xs.<br><\/p>\n\n\n\n<p class=\"has-medium-font-size\" style=\"font-style:normal;font-weight:700\">Martes 29 de abril| 17:00 h<\/p>\n\n\n\n<p>Biblioteca Ala\u00edde Foppa | Facebook y YouTube<\/p>\n\n\n\n<p>Entrada libre | Cupo limitado<\/p>\n\n\n\n<p>Actividad h\u00edbrida<\/p>\n\n\n\n<p><\/p>\n\n\n\n<p><\/p>\n\n\n\n<p><\/p>\n\n\n\n<div id=\"section-g-1jii0i1\" class=\"wp-block-gutentor-e6 section-g-1jii0i1 gutentor-element gutentor-element-image\"><div class=\"gutentor-element-image-box\"><div class=\"gutentor-image-thumb\"><img decoding=\"async\" class=\"normal-image\" src=\"https:\/\/tlatelolcounam.mx\/uva\/wp-content\/uploads\/2025\/04\/YDRAY-29-DE-ABRIL-UVA.png\" srcset=\"https:\/\/tlatelolcounam.mx\/uva\/wp-content\/uploads\/2025\/04\/YDRAY-29-DE-ABRIL-UVA.png 2x\"\/><\/div><\/div><\/div>\n\n\n\n<p><style> \n.thumbnail img, img.size-full, img.size-large, img.wp-post-image {\n    height: auto;\n    max-width: 100%;\n    display: none;<\/style><\/p>\n\n\n\n<p><\/p>\n","protected":false},"excerpt":{"rendered":"<p>\u00a1Es tiempo de poes\u00eda! <\/p>\n","protected":false},"author":2,"featured_media":5901,"comment_status":"closed","ping_status":"open","sticky":false,"template":"","format":"standard","meta":{"footnotes":""},"categories":[76],"tags":[],"class_list":["post-5946","post","type-post","status-publish","format-standard","has-post-thumbnail","hentry","category-portada","odd"],"gutentor_comment":0,"_links":{"self":[{"href":"https:\/\/tlatelolcounam.mx\/uva\/wp-json\/wp\/v2\/posts\/5946","targetHints":{"allow":["GET"]}}],"collection":[{"href":"https:\/\/tlatelolcounam.mx\/uva\/wp-json\/wp\/v2\/posts"}],"about":[{"href":"https:\/\/tlatelolcounam.mx\/uva\/wp-json\/wp\/v2\/types\/post"}],"author":[{"embeddable":true,"href":"https:\/\/tlatelolcounam.mx\/uva\/wp-json\/wp\/v2\/users\/2"}],"replies":[{"embeddable":true,"href":"https:\/\/tlatelolcounam.mx\/uva\/wp-json\/wp\/v2\/comments?post=5946"}],"version-history":[{"count":1,"href":"https:\/\/tlatelolcounam.mx\/uva\/wp-json\/wp\/v2\/posts\/5946\/revisions"}],"predecessor-version":[{"id":5947,"href":"https:\/\/tlatelolcounam.mx\/uva\/wp-json\/wp\/v2\/posts\/5946\/revisions\/5947"}],"wp:featuredmedia":[{"embeddable":true,"href":"https:\/\/tlatelolcounam.mx\/uva\/wp-json\/wp\/v2\/media\/5901"}],"wp:attachment":[{"href":"https:\/\/tlatelolcounam.mx\/uva\/wp-json\/wp\/v2\/media?parent=5946"}],"wp:term":[{"taxonomy":"category","embeddable":true,"href":"https:\/\/tlatelolcounam.mx\/uva\/wp-json\/wp\/v2\/categories?post=5946"},{"taxonomy":"post_tag","embeddable":true,"href":"https:\/\/tlatelolcounam.mx\/uva\/wp-json\/wp\/v2\/tags?post=5946"}],"curies":[{"name":"wp","href":"https:\/\/api.w.org\/{rel}","templated":true}]}}