{"id":5783,"date":"2025-02-07T22:08:29","date_gmt":"2025-02-07T22:08:29","guid":{"rendered":"https:\/\/tlatelolcounam.mx\/uva\/?p=5783"},"modified":"2025-02-19T07:58:28","modified_gmt":"2025-02-19T07:58:28","slug":"ninas_en_la_ciencia","status":"publish","type":"post","link":"https:\/\/tlatelolcounam.mx\/uva\/ninas_en_la_ciencia\/","title":{"rendered":"ESPECIAL: Ni\u00f1as en la ciencia. Tendedero de peque\u00f1as cient\u00edficas"},"content":{"rendered":"\n<p>Taller permanente (de 40 minutos por ronda) para que ni\u00f1as y j\u00f3venes se imaginen y dibujen a s\u00ed mismas como cient\u00edficas a partir de la elecci\u00f3n y dise\u00f1o de su materia e instrumentos de trabajo. Al final de cada sesi\u00f3n, se regalar\u00e1 una tarjeta de colecci\u00f3n de cient\u00edficas que trabajen en el mismo campo.<\/p>\n\n\n\n<p>Entrada libre | Cupo limitado<\/p>\n\n\n\n<p><\/p>\n\n\n\n<p><\/p>\n\n\n\n<p><\/p>\n\n\n\n<div id=\"section-g-1jii0i1\" class=\"wp-block-gutentor-e6 section-g-1jii0i1 gutentor-element gutentor-element-image\"><div class=\"gutentor-element-image-box\"><div class=\"gutentor-image-thumb\"><img decoding=\"async\" class=\"normal-image\" src=\"https:\/\/tlatelolcounam.mx\/uva\/wp-content\/uploads\/2025\/02\/27-DE-FEBRERO-UVA.png\" srcset=\"https:\/\/tlatelolcounam.mx\/uva\/wp-content\/uploads\/2025\/02\/27-DE-FEBRERO-UVA.png 2x\"\/><\/div><\/div><\/div>\n\n\n\n<p><style> \n.thumbnail img, img.size-full, img.size-large, img.wp-post-image {\n    height: auto;\n    max-width: 100%;\n    display: none;<\/style><\/p>\n\n\n\n<p><\/p>\n","protected":false},"excerpt":{"rendered":"<p>\u00a1YA EST\u00c1N AQU\u00cd LAS LEGENDARIAS JORNADAS DE CIERRE!<\/p>\n","protected":false},"author":2,"featured_media":5771,"comment_status":"closed","ping_status":"open","sticky":false,"template":"","format":"standard","meta":{"footnotes":""},"categories":[76,1],"tags":[],"class_list":["post-5783","post","type-post","status-publish","format-standard","has-post-thumbnail","hentry","category-portada","category-sin-categoria","odd"],"gutentor_comment":0,"_links":{"self":[{"href":"https:\/\/tlatelolcounam.mx\/uva\/wp-json\/wp\/v2\/posts\/5783","targetHints":{"allow":["GET"]}}],"collection":[{"href":"https:\/\/tlatelolcounam.mx\/uva\/wp-json\/wp\/v2\/posts"}],"about":[{"href":"https:\/\/tlatelolcounam.mx\/uva\/wp-json\/wp\/v2\/types\/post"}],"author":[{"embeddable":true,"href":"https:\/\/tlatelolcounam.mx\/uva\/wp-json\/wp\/v2\/users\/2"}],"replies":[{"embeddable":true,"href":"https:\/\/tlatelolcounam.mx\/uva\/wp-json\/wp\/v2\/comments?post=5783"}],"version-history":[{"count":2,"href":"https:\/\/tlatelolcounam.mx\/uva\/wp-json\/wp\/v2\/posts\/5783\/revisions"}],"predecessor-version":[{"id":5815,"href":"https:\/\/tlatelolcounam.mx\/uva\/wp-json\/wp\/v2\/posts\/5783\/revisions\/5815"}],"wp:featuredmedia":[{"embeddable":true,"href":"https:\/\/tlatelolcounam.mx\/uva\/wp-json\/wp\/v2\/media\/5771"}],"wp:attachment":[{"href":"https:\/\/tlatelolcounam.mx\/uva\/wp-json\/wp\/v2\/media?parent=5783"}],"wp:term":[{"taxonomy":"category","embeddable":true,"href":"https:\/\/tlatelolcounam.mx\/uva\/wp-json\/wp\/v2\/categories?post=5783"},{"taxonomy":"post_tag","embeddable":true,"href":"https:\/\/tlatelolcounam.mx\/uva\/wp-json\/wp\/v2\/tags?post=5783"}],"curies":[{"name":"wp","href":"https:\/\/api.w.org\/{rel}","templated":true}]}}