{"id":5781,"date":"2025-02-07T22:06:11","date_gmt":"2025-02-07T22:06:11","guid":{"rendered":"https:\/\/tlatelolcounam.mx\/uva\/?p=5781"},"modified":"2025-02-19T07:58:47","modified_gmt":"2025-02-19T07:58:47","slug":"techpaktia_in_amoxcalli","status":"publish","type":"post","link":"https:\/\/tlatelolcounam.mx\/uva\/techpaktia_in_amoxcalli\/","title":{"rendered":"\u00a1TECHPAKTIA IN AMOXCALLI! (\u00a1Nos gusta la biblioteca!)"},"content":{"rendered":"\n<p>Reuni\u00f3n mensual (parte del bloque infantil \u201cCrecer entre libros\u201d) para compartir aprendizajes y lecturas en lengua nawatl con el p\u00fablico general. Iniciamos esta actividad como celebraci\u00f3n del D\u00eda Internacional de la Lengua Materna, el 21 de febrero.<\/p>\n\n\n\n<p>Entrada libre | Cupo limitado<\/p>\n\n\n\n<p><\/p>\n\n\n\n<p><\/p>\n\n\n\n<p><\/p>\n\n\n\n<div id=\"section-g-1jii0i1\" class=\"wp-block-gutentor-e6 section-g-1jii0i1 gutentor-element gutentor-element-image\"><div class=\"gutentor-element-image-box\"><div class=\"gutentor-image-thumb\"><img decoding=\"async\" class=\"normal-image\" src=\"https:\/\/tlatelolcounam.mx\/uva\/wp-content\/uploads\/2025\/02\/22-DE-FEBRERO-UVA.png\" srcset=\"https:\/\/tlatelolcounam.mx\/uva\/wp-content\/uploads\/2025\/02\/22-DE-FEBRERO-UVA.png 2x\"\/><\/div><\/div><\/div>\n\n\n\n<p><style> \n.thumbnail img, img.size-full, img.size-large, img.wp-post-image {\n    height: auto;\n    max-width: 100%;\n    display: none;<\/style><\/p>\n","protected":false},"excerpt":{"rendered":"<p>Reuni\u00f3n mensual (parte del bloque infantil \u201cCrecer entre libros\u201d) para compartir aprendizajes y lecturas en lengua nawatl con el p\u00fablico general. <\/p>\n","protected":false},"author":2,"featured_media":5770,"comment_status":"closed","ping_status":"open","sticky":false,"template":"","format":"standard","meta":{"footnotes":""},"categories":[76,1],"tags":[],"class_list":["post-5781","post","type-post","status-publish","format-standard","has-post-thumbnail","hentry","category-portada","category-sin-categoria","odd"],"gutentor_comment":0,"_links":{"self":[{"href":"https:\/\/tlatelolcounam.mx\/uva\/wp-json\/wp\/v2\/posts\/5781","targetHints":{"allow":["GET"]}}],"collection":[{"href":"https:\/\/tlatelolcounam.mx\/uva\/wp-json\/wp\/v2\/posts"}],"about":[{"href":"https:\/\/tlatelolcounam.mx\/uva\/wp-json\/wp\/v2\/types\/post"}],"author":[{"embeddable":true,"href":"https:\/\/tlatelolcounam.mx\/uva\/wp-json\/wp\/v2\/users\/2"}],"replies":[{"embeddable":true,"href":"https:\/\/tlatelolcounam.mx\/uva\/wp-json\/wp\/v2\/comments?post=5781"}],"version-history":[{"count":2,"href":"https:\/\/tlatelolcounam.mx\/uva\/wp-json\/wp\/v2\/posts\/5781\/revisions"}],"predecessor-version":[{"id":5812,"href":"https:\/\/tlatelolcounam.mx\/uva\/wp-json\/wp\/v2\/posts\/5781\/revisions\/5812"}],"wp:featuredmedia":[{"embeddable":true,"href":"https:\/\/tlatelolcounam.mx\/uva\/wp-json\/wp\/v2\/media\/5770"}],"wp:attachment":[{"href":"https:\/\/tlatelolcounam.mx\/uva\/wp-json\/wp\/v2\/media?parent=5781"}],"wp:term":[{"taxonomy":"category","embeddable":true,"href":"https:\/\/tlatelolcounam.mx\/uva\/wp-json\/wp\/v2\/categories?post=5781"},{"taxonomy":"post_tag","embeddable":true,"href":"https:\/\/tlatelolcounam.mx\/uva\/wp-json\/wp\/v2\/tags?post=5781"}],"curies":[{"name":"wp","href":"https:\/\/api.w.org\/{rel}","templated":true}]}}