{"id":5410,"date":"2024-09-26T07:29:35","date_gmt":"2024-09-26T07:29:35","guid":{"rendered":"https:\/\/tlatelolcounam.mx\/uva\/?p=5410"},"modified":"2024-09-26T07:29:35","modified_gmt":"2024-09-26T07:29:35","slug":"invisible_espaciovacio","status":"publish","type":"post","link":"https:\/\/tlatelolcounam.mx\/uva\/invisible_espaciovacio\/","title":{"rendered":"IN\/VISIBLE"},"content":{"rendered":"\n<p>&#8220;Ser una mujer de entre 40 y 50 a\u00f1os no es f\u00e1cil y me ha hecho descubrir otras maneras de ser mujer. Esta mujer est\u00e1 encontrando cada d\u00eda otras formas de pertenecer al mundo y una de ellas es compartir nuestras voces para acompa\u00f1arnos\u2026&#8221;\ud83c\udf43<\/p>\n\n\n\n<p>Concebida como una pieza colaborativa con mujeres que est\u00e1n viviendo su cuarta d\u00e9cada de vida, esta intervenci\u00f3n esc\u00e9nica comparte en una sola voz las sensaciones, reflexiones y experiencias \u00fanicas que atraviesan en esta etapa desde el espacio, la luz y el sonido. En un ambiente que refleja la complejidad y belleza de esta transici\u00f3n, IN\/VISIBLE nos brinda la oportunidad de contemplar la vida desde una perspectiva diferente.<\/p>\n\n\n\n<p>Idea original y y dise\u00f1o integral de Leticia Olvera<\/p>\n\n\n\n<p>Te invitamos a escuchar este y otros testimonios de mujeres de las comunidad \ud83c\udf47 en la instalaci\u00f3n perform\u00e1tica &#8220;In\/visible&#8221; como parte del Festival Cultura UNAM 2024 \ud83d\udc9c<\/p>\n\n\n\n<p>No te lo pierdas \ud83d\udc40<\/p>\n\n\n\n<p>\u00a1Ven a esta nueva aventura en el Espacio vac\u00edo de la \ud83c\udf47!<\/p>\n\n\n\n<p>Del 26 al 28 de septiembre | 19 h<br>Entrada libre<\/p>\n\n\n\n<p><\/p>\n\n\n\n<p><\/p>\n\n\n\n<div id=\"section-g-1jii0i1\" class=\"wp-block-gutentor-e6 section-g-1jii0i1 gutentor-element gutentor-element-image\"><div class=\"gutentor-element-image-box\"><div class=\"gutentor-image-thumb\"><img decoding=\"async\" class=\"normal-image\" src=\"https:\/\/tlatelolcounam.mx\/uva\/wp-content\/uploads\/2024\/09\/26-27-Y28-DE-SEPTIEMBRE-UVA.png\" srcset=\"https:\/\/tlatelolcounam.mx\/uva\/wp-content\/uploads\/2024\/09\/26-27-Y28-DE-SEPTIEMBRE-UVA.png 2x\"\/><\/div><\/div><\/div>\n\n\n\n<p><style> \n.thumbnail img, img.size-full, img.size-large, img.wp-post-image {\n    height: auto;\n    max-width: 100%;\n    display: none;<\/style><\/p>\n","protected":false},"excerpt":{"rendered":"<p>Concebida como una pieza colaborativa  con mujeres que est\u00e1n viviendo su cuarta intervenci\u00f3n esc\u00e9nica, IN\/VISIBLE comparte en una sola voz las sensaciones, reflexiones y experiencias \u00fanicas que atraviesan en esta etapa desde el espacio, la luz y el sonido. <\/p>\n<p>Descubre la nueva intervenci\u00f3n del Espacio vac\u00edo de la UVA <\/p>\n","protected":false},"author":2,"featured_media":5411,"comment_status":"closed","ping_status":"open","sticky":false,"template":"","format":"standard","meta":{"footnotes":""},"categories":[76,1],"tags":[],"class_list":["post-5410","post","type-post","status-publish","format-standard","has-post-thumbnail","hentry","category-portada","category-sin-categoria","odd"],"gutentor_comment":0,"_links":{"self":[{"href":"https:\/\/tlatelolcounam.mx\/uva\/wp-json\/wp\/v2\/posts\/5410","targetHints":{"allow":["GET"]}}],"collection":[{"href":"https:\/\/tlatelolcounam.mx\/uva\/wp-json\/wp\/v2\/posts"}],"about":[{"href":"https:\/\/tlatelolcounam.mx\/uva\/wp-json\/wp\/v2\/types\/post"}],"author":[{"embeddable":true,"href":"https:\/\/tlatelolcounam.mx\/uva\/wp-json\/wp\/v2\/users\/2"}],"replies":[{"embeddable":true,"href":"https:\/\/tlatelolcounam.mx\/uva\/wp-json\/wp\/v2\/comments?post=5410"}],"version-history":[{"count":1,"href":"https:\/\/tlatelolcounam.mx\/uva\/wp-json\/wp\/v2\/posts\/5410\/revisions"}],"predecessor-version":[{"id":5412,"href":"https:\/\/tlatelolcounam.mx\/uva\/wp-json\/wp\/v2\/posts\/5410\/revisions\/5412"}],"wp:featuredmedia":[{"embeddable":true,"href":"https:\/\/tlatelolcounam.mx\/uva\/wp-json\/wp\/v2\/media\/5411"}],"wp:attachment":[{"href":"https:\/\/tlatelolcounam.mx\/uva\/wp-json\/wp\/v2\/media?parent=5410"}],"wp:term":[{"taxonomy":"category","embeddable":true,"href":"https:\/\/tlatelolcounam.mx\/uva\/wp-json\/wp\/v2\/categories?post=5410"},{"taxonomy":"post_tag","embeddable":true,"href":"https:\/\/tlatelolcounam.mx\/uva\/wp-json\/wp\/v2\/tags?post=5410"}],"curies":[{"name":"wp","href":"https:\/\/api.w.org\/{rel}","templated":true}]}}