{"id":5329,"date":"2024-08-24T01:17:53","date_gmt":"2024-08-24T01:17:53","guid":{"rendered":"https:\/\/tlatelolcounam.mx\/uva\/?p=5329"},"modified":"2024-09-06T07:53:31","modified_gmt":"2024-09-06T07:53:31","slug":"mirarlibritosdesaparecidxs","status":"publish","type":"post","link":"https:\/\/tlatelolcounam.mx\/uva\/mirarlibritosdesaparecidxs\/","title":{"rendered":"MIRAR LIBRITOS: Desaparecidxs"},"content":{"rendered":"\n<p>\u00bfQui\u00e9n habla sobre las personas desaparecidas?, \u00bfla desaparici\u00f3n forzada no es un tema que competa a lxs ni\u00f1xs y j\u00f3venes?, \u00bfc\u00f3mo abordan el tema los libros infantiles y juveniles? Hacer y explorar libros sobre desaparecidxs no es f\u00e1cil, por eso necesitamos hacerlo.<\/p>\n\n\n\n<p><\/p>\n\n\n\n<div id=\"section-g-1jii0i1\" class=\"wp-block-gutentor-e6 section-g-1jii0i1 gutentor-element gutentor-element-image\"><div class=\"gutentor-element-image-box\"><div class=\"gutentor-image-thumb\"><img decoding=\"async\" class=\"normal-image\" src=\"https:\/\/tlatelolcounam.mx\/uva\/wp-content\/uploads\/2024\/08\/oe_mirar_libritos.png\" srcset=\"https:\/\/tlatelolcounam.mx\/uva\/wp-content\/uploads\/2024\/08\/oe_mirar_libritos-1.png 2x\"\/><\/div><\/div><\/div>\n\n\n\n<p><style> \n.thumbnail img, img.size-full, img.size-large, img.wp-post-image {\n    height: auto;\n    max-width: 100%;\n    display: none;<\/style><\/p>\n","protected":false},"excerpt":{"rendered":"<p>Hacer y explorar libros sobre desaparecidxs no es f\u00e1cil, por eso necesitamos hacerlo.<\/p>\n<p>Ven y acomp\u00e1\u00f1anos en esta sentida sesi\u00f3n para descubrir libritos y compartir bibliotecas.<\/p>\n","protected":false},"author":2,"featured_media":5301,"comment_status":"closed","ping_status":"open","sticky":false,"template":"","format":"standard","meta":{"footnotes":""},"categories":[76,1],"tags":[],"class_list":["post-5329","post","type-post","status-publish","format-standard","has-post-thumbnail","hentry","category-portada","category-sin-categoria","odd"],"gutentor_comment":0,"_links":{"self":[{"href":"https:\/\/tlatelolcounam.mx\/uva\/wp-json\/wp\/v2\/posts\/5329","targetHints":{"allow":["GET"]}}],"collection":[{"href":"https:\/\/tlatelolcounam.mx\/uva\/wp-json\/wp\/v2\/posts"}],"about":[{"href":"https:\/\/tlatelolcounam.mx\/uva\/wp-json\/wp\/v2\/types\/post"}],"author":[{"embeddable":true,"href":"https:\/\/tlatelolcounam.mx\/uva\/wp-json\/wp\/v2\/users\/2"}],"replies":[{"embeddable":true,"href":"https:\/\/tlatelolcounam.mx\/uva\/wp-json\/wp\/v2\/comments?post=5329"}],"version-history":[{"count":4,"href":"https:\/\/tlatelolcounam.mx\/uva\/wp-json\/wp\/v2\/posts\/5329\/revisions"}],"predecessor-version":[{"id":5357,"href":"https:\/\/tlatelolcounam.mx\/uva\/wp-json\/wp\/v2\/posts\/5329\/revisions\/5357"}],"wp:featuredmedia":[{"embeddable":true,"href":"https:\/\/tlatelolcounam.mx\/uva\/wp-json\/wp\/v2\/media\/5301"}],"wp:attachment":[{"href":"https:\/\/tlatelolcounam.mx\/uva\/wp-json\/wp\/v2\/media?parent=5329"}],"wp:term":[{"taxonomy":"category","embeddable":true,"href":"https:\/\/tlatelolcounam.mx\/uva\/wp-json\/wp\/v2\/categories?post=5329"},{"taxonomy":"post_tag","embeddable":true,"href":"https:\/\/tlatelolcounam.mx\/uva\/wp-json\/wp\/v2\/tags?post=5329"}],"curies":[{"name":"wp","href":"https:\/\/api.w.org\/{rel}","templated":true}]}}