{"id":5286,"date":"2024-08-15T00:24:05","date_gmt":"2024-08-15T00:24:05","guid":{"rendered":"https:\/\/tlatelolcounam.mx\/uva\/?p=5286"},"modified":"2024-08-15T00:29:38","modified_gmt":"2024-08-15T00:29:38","slug":"sacale_jugo_a_la_uva","status":"publish","type":"post","link":"https:\/\/tlatelolcounam.mx\/uva\/sacale_jugo_a_la_uva\/","title":{"rendered":"\u00a1S\u00e1cale jugo a la UVA!"},"content":{"rendered":"\n<p>No te quedes fuera del Ciclo 28 | Tiempo fuera: IAestoyarte <\/p>\n\n\n\n<p>\ud83c\udf43Talleres de arte para descansar y relajarse \ud83c\udf43<\/p>\n\n\n\n<p>En la \ud83c\udf47 , te queremos<\/p>\n\n\n\n<p>Del 15 al 17 de agosto<\/p>\n\n\n\n<p>2 talleres x $1,700<\/p>\n\n\n\n<p>\u00a1V\u00e1lido s\u00f3lo en inscripciones en la UVA! <\/p>\n\n\n\n<p>Elige:<\/p>\n\n\n\n<p>\u2763\ufe0f dos talleres para ti&nbsp;<\/p>\n\n\n\n<p>\ud83d\udc9e un mismo taller para dos personas&nbsp;<\/p>\n\n\n\n<p>\ud83d\udda4\ud83e\udd0d dos talleres diferentes para dos personas<\/p>\n\n\n\n<p>+ info&nbsp;<a href=\"https:\/\/tlatelolcounam.mx\/uva\/sacale_jugo_a_la_uva\/\" target=\"_blank\" rel=\"noreferrer noopener\">https:\/\/tlatelolcounam.mx\/uva\/sacale_jugo_a_la_uva\/<\/a><\/p>\n\n\n\n<p><strong>\u00bfQu\u00e9 debo hacer?<\/strong><\/p>\n\n\n\n<ol start=\"1\" class=\"wp-block-list\">\n<li>Asiste a nuestras instalaciones a realizar tu inscripci\u00f3n<\/li>\n\n\n\n<li>Puedes realizar tu registro previamente en www.tlatelolcounam.mx\/uva<\/li>\n\n\n\n<li>La promoci\u00f3n ser\u00e1 v\u00e1lida durante los d\u00edas se\u00f1alados de 10:00 a 18:00 h y el s\u00e1bado de 10:00 a 14:00 h<\/li>\n\n\n\n<li>Realiza el pago, en efectivo o con tarjeta de cr\u00e9dito \/ d\u00e9bito, en la taquilla del CCUT<\/li>\n\n\n\n<li>Si requieres factura, debes presentar al momento de tu pago tu constancia de situaci\u00f3n fiscal actualizada<\/li>\n<\/ol>\n\n\n\n<p><strong>Letras chiquitas<\/strong><\/p>\n\n\n\n<ul class=\"wp-block-list\">\n<li>El costo por ambas inscripciones ser\u00e1 de $1,700.00 (Mil setecientos pesos)<\/li>\n\n\n\n<li>Puedes inscribirte a dos talleres o compartir la promoci\u00f3n con otra persona<\/li>\n\n\n\n<li>Ambas personas pueden inscribirse al mismo taller, o bien, a distintos<\/li>\n\n\n\n<li>Pueden elegir un taller para infancias y otro para j\u00f3venes y adultos<\/li>\n\n\n\n<li>Aplica para talleres presenciales, virtuales e intensivos<\/li>\n\n\n\n<li>Aplica en todos los talleres con cupo<\/li>\n\n\n\n<li>No aplica en inscripciones realizadas previamente<\/li>\n\n\n\n<li>No aplica con precios especiales<\/li>\n<\/ul>\n\n\n\n<p><\/p>\n\n\n\n\n\n<div id=\"section-g-1jii0i1\" class=\"wp-block-gutentor-e6 section-g-1jii0i1 gutentor-element gutentor-element-image\"><div class=\"gutentor-element-image-box\"><div class=\"gutentor-image-thumb\"><img decoding=\"async\" class=\"normal-image\" src=\"https:\/\/tlatelolcounam.mx\/uva\/wp-content\/uploads\/2024\/08\/Cartel-Sacale-jugo-a-la-UVA.jpg\" srcset=\"https:\/\/tlatelolcounam.mx\/uva\/wp-content\/uploads\/2024\/08\/Cuadro-Sacale-jugo-a-la-UVA3.jpg 2x\"\/><\/div><\/div><\/div>\n\n\n\n<p><style> \n.thumbnail img, img.size-full, img.size-large, img.wp-post-image {\n    height: auto;\n    max-width: 100%;\n    display: none;<\/style><\/p>\n","protected":false},"excerpt":{"rendered":"<p>Del 15 al 17 de agosto<br \/>\n2 talleres x $1,700<\/p>\n<p> \u00a1Yo quiero!<\/p>\n","protected":false},"author":2,"featured_media":5290,"comment_status":"closed","ping_status":"open","sticky":false,"template":"","format":"standard","meta":{"footnotes":""},"categories":[76,1],"tags":[],"class_list":["post-5286","post","type-post","status-publish","format-standard","has-post-thumbnail","hentry","category-portada","category-sin-categoria","odd"],"gutentor_comment":0,"_links":{"self":[{"href":"https:\/\/tlatelolcounam.mx\/uva\/wp-json\/wp\/v2\/posts\/5286","targetHints":{"allow":["GET"]}}],"collection":[{"href":"https:\/\/tlatelolcounam.mx\/uva\/wp-json\/wp\/v2\/posts"}],"about":[{"href":"https:\/\/tlatelolcounam.mx\/uva\/wp-json\/wp\/v2\/types\/post"}],"author":[{"embeddable":true,"href":"https:\/\/tlatelolcounam.mx\/uva\/wp-json\/wp\/v2\/users\/2"}],"replies":[{"embeddable":true,"href":"https:\/\/tlatelolcounam.mx\/uva\/wp-json\/wp\/v2\/comments?post=5286"}],"version-history":[{"count":4,"href":"https:\/\/tlatelolcounam.mx\/uva\/wp-json\/wp\/v2\/posts\/5286\/revisions"}],"predecessor-version":[{"id":5294,"href":"https:\/\/tlatelolcounam.mx\/uva\/wp-json\/wp\/v2\/posts\/5286\/revisions\/5294"}],"wp:featuredmedia":[{"embeddable":true,"href":"https:\/\/tlatelolcounam.mx\/uva\/wp-json\/wp\/v2\/media\/5290"}],"wp:attachment":[{"href":"https:\/\/tlatelolcounam.mx\/uva\/wp-json\/wp\/v2\/media?parent=5286"}],"wp:term":[{"taxonomy":"category","embeddable":true,"href":"https:\/\/tlatelolcounam.mx\/uva\/wp-json\/wp\/v2\/categories?post=5286"},{"taxonomy":"post_tag","embeddable":true,"href":"https:\/\/tlatelolcounam.mx\/uva\/wp-json\/wp\/v2\/tags?post=5286"}],"curies":[{"name":"wp","href":"https:\/\/api.w.org\/{rel}","templated":true}]}}