{"id":486,"date":"2020-08-31T23:49:29","date_gmt":"2020-08-31T23:49:29","guid":{"rendered":"http:\/\/tlatelolcounam.mx\/uva\/2020\/?p=486"},"modified":"2020-08-31T23:50:32","modified_gmt":"2020-08-31T23:50:32","slug":"sinlugarnifecha","status":"publish","type":"post","link":"https:\/\/tlatelolcounam.mx\/uva\/sinlugarnifecha\/","title":{"rendered":"Sin lugar ni fecha"},"content":{"rendered":"<blockquote><p>Querido:<\/p>\n<p>Cada carta tuya que recibo y cada misiva que env\u00edo, aunque dejan ver que nuestro amor est\u00e1 vivo, al estar llena de recriminaciones del pasado, nos llena de dudas y temores. Me duele tanto y me desconcierta que manifiestes sentirte cruelmente castigado. No me reproches el temor que tengo de fallarte, efectivamente me siento tensa, insegura y d\u00e9bil. \u00a1Contradictorio!, \u00bfno es as\u00ed? Pero es inevitable estar viviendo este torbellino de emociones, en el que la distancia y nuestros deberes nos han metido.<\/p>\n<p>No he podido manejar la tensi\u00f3n, por eso te he pedido ayuda. Reconozco que me la has brindado, pero, \u00bfentonces por qu\u00e9 persisten sombras y vac\u00edos entre nosotros? No creo que la soluci\u00f3n sea alejarme del trabajo y declararme libre de toda responsabilidad para vencer mi debilidad como me sugieres. \u00a1No! El trabajo es muy duro, pero creo que a la vez me permite sentir que soy yo misma. \u00a1Cierto!, requiere mucha atenci\u00f3n y tiempo, tal vez me desgaste demasiado, pero el tener un producto terminado me hace sentir \u00fatil, productiva, me sumerge en otro mundo donde s\u00e9 que puedo y debo hacerlo bien.<\/p>\n<p>Cuando admites y repites que me amas, no lo hagas maldiciendo, no te lo reproches. Ambos perdemos el rumbo ante la distancia; tanto nos pensamos que no dejan de ser ambivalentes y contradictorios esos pensamientos que nos generan diversas sensaciones y emociones.<\/p>\n<p>Hoy tengo claro que te amo, que debemos reinterpretar nuestro pasado. Anhelo que nuestras miradas se reencuentren, que nuestros corazones se fundan para liberar nuestros demonios y fantasmas y que fluya como manantial nuestro amor con tal fuerza que nos permita despejar las dudas, superar obst\u00e1culos y alcanzar la plenitud.<\/p>\n<p>Siempre tuya,<\/p>\n<h4>Martha Estela Mandujano Valdez<\/h4>\n<\/blockquote>\n","protected":false},"excerpt":{"rendered":"<p>Querido: Cada carta tuya que recibo y cada misiva que env\u00edo, aunque dejan ver que nuestro amor est\u00e1 vivo, al&nbsp;<a href=\"https:\/\/tlatelolcounam.mx\/uva\/sinlugarnifecha\/\">&hellip;<\/a><\/p>\n","protected":false},"author":1,"featured_media":0,"comment_status":"closed","ping_status":"closed","sticky":false,"template":"","format":"standard","meta":{"footnotes":""},"categories":[18],"tags":[],"class_list":["post-486","post","type-post","status-publish","format-standard","hentry","category-cronicas-y-relatos","odd"],"gutentor_comment":0,"_links":{"self":[{"href":"https:\/\/tlatelolcounam.mx\/uva\/wp-json\/wp\/v2\/posts\/486","targetHints":{"allow":["GET"]}}],"collection":[{"href":"https:\/\/tlatelolcounam.mx\/uva\/wp-json\/wp\/v2\/posts"}],"about":[{"href":"https:\/\/tlatelolcounam.mx\/uva\/wp-json\/wp\/v2\/types\/post"}],"author":[{"embeddable":true,"href":"https:\/\/tlatelolcounam.mx\/uva\/wp-json\/wp\/v2\/users\/1"}],"replies":[{"embeddable":true,"href":"https:\/\/tlatelolcounam.mx\/uva\/wp-json\/wp\/v2\/comments?post=486"}],"version-history":[{"count":2,"href":"https:\/\/tlatelolcounam.mx\/uva\/wp-json\/wp\/v2\/posts\/486\/revisions"}],"predecessor-version":[{"id":488,"href":"https:\/\/tlatelolcounam.mx\/uva\/wp-json\/wp\/v2\/posts\/486\/revisions\/488"}],"wp:attachment":[{"href":"https:\/\/tlatelolcounam.mx\/uva\/wp-json\/wp\/v2\/media?parent=486"}],"wp:term":[{"taxonomy":"category","embeddable":true,"href":"https:\/\/tlatelolcounam.mx\/uva\/wp-json\/wp\/v2\/categories?post=486"},{"taxonomy":"post_tag","embeddable":true,"href":"https:\/\/tlatelolcounam.mx\/uva\/wp-json\/wp\/v2\/tags?post=486"}],"curies":[{"name":"wp","href":"https:\/\/api.w.org\/{rel}","templated":true}]}}