{"id":484,"date":"2020-08-31T23:48:06","date_gmt":"2020-08-31T23:48:06","guid":{"rendered":"http:\/\/tlatelolcounam.mx\/uva\/2020\/?p=484"},"modified":"2020-08-31T23:51:36","modified_gmt":"2020-08-31T23:51:36","slug":"celos","status":"publish","type":"post","link":"https:\/\/tlatelolcounam.mx\/uva\/celos\/","title":{"rendered":"Celos"},"content":{"rendered":"<blockquote><p>Cuando yo ten\u00eda dos a\u00f1os, naci\u00f3 mi hermano. Su llegada alegr\u00f3 el ego de mi padre. Y como primer var\u00f3n, seg\u00fan la costumbre, llevar\u00eda el nombre de \u00e9l, aunque en realidad no fue as\u00ed. Mi padre ten\u00eda otra personalidad, pero esa es otra historia, por lo que a mi hermano le pusieron por nombre V\u00edctor Daniel.<\/p>\n<p>Lo recuerdo a sus tres a\u00f1os: con sus pantalones de peto, su cabello cortado al casquete corto \u2015que, por cierto, nunca le gust\u00f3\u2015 y peinado de raya a lado, y con una sonrisa de oreja a oreja; y estas dos, enfatizo, eran grandes y, para colmo, levantadas, parec\u00edan antenas parab\u00f3licas.<\/p>\n<p>Tambi\u00e9n lo recuerdo a sus cinco a\u00f1os: con zapatos de f\u00fatbol, short, la playera de mi pap\u00e1 y, para rematar, una toalla colgada a su espalda, amarrada con dos nudos al frente de su cuello como si fuera una capa; adem\u00e1s, con su enorme sonrisa y, como marco de su cara, sus enormes orejas.<\/p>\n<p>Su sola presencia era un martirio para m\u00ed; sin embargo, no puedo dejar de pensar en \u00e9l.<\/p>\n<p>Como una bruma llegan im\u00e1genes a mi mente. En una ocasi\u00f3n, cuando mi hermano estaba aprendiendo a caminar, \u00e9l daba torpemente pasos hacia m\u00ed, y, con una sonrisa desdentada, me ve\u00eda. Yo, parada a cierta distancia de \u00e9l esperando su llegada, lo miraba con enojo. \u00bfC\u00f3mo se atrev\u00eda a tan siquiera mirarme? Bueno, no s\u00f3lo eso, sino que quer\u00eda que lo agarrara. Pero, \u00a1oh!, a s\u00f3lo dos pasos de m\u00ed, con sus manitas extendidas y sus ojillos brillosos de alegr\u00eda, lo mir\u00e9 y, a punto de tocarme, le di un empuj\u00f3n. Cay\u00f3 de sent\u00f3n y su alegr\u00eda fue cambiada por un llanto de dolor que lo dej\u00f3 en el suelo.<\/p>\n<p>Entonces sal\u00ed del cuarto.<\/p>\n<p>Mi madre, presurosa, lleg\u00f3 al lugar a consolarlo. Yo, desde la puerta entreabierta, observaba&#8230;<\/p>\n<p>A partir de aquella vez hasta hoy, sin ser consciente de ello, los enfrentamientos f\u00edsicos entre nosotros han sido algo de todos los d\u00edas. El m\u00e1s fuerte recuerdo que tengo es aquel en el que nos liamos a golpes. Yo ten\u00eda 13 a\u00f1os \u2015la raz\u00f3n del pleito era lo de menos, podr\u00eda pasar cerca de m\u00ed y soplar y esto era motivo suficiente para pelearnos\u2015. Lo ten\u00eda tirado en el piso: yo, encima de \u00e9l a horcajadas, y mis rodillas aplast\u00e1ndole los brazos, y mi furia d\u00e1ndole de cachetadas, una tras otra; hasta que sent\u00ed un enorme jal\u00f3n de cabellos, lo que hizo que yo me diera cuenta de lo que estaba haciendo. Mi abuela fue la que me hab\u00eda jalado. La empuj\u00e9 despu\u00e9s de levantarme de encima de mi hermano y, a\u00fan molesta, sal\u00ed de la casa.<\/p>\n<p>. \u00a0 . \u00a0 .<\/p>\n<p>Efectivamente, no lo pod\u00edas ver, no soportabas su presencia. Pero \u00bfrecuerdas con qui\u00e9n planeabas irte caminando a la escuela y gastarte el dinero del pasaje? \u00bfQui\u00e9n iba contigo a la escuela pateando aquel enorme bloque de hielo, que todos los d\u00edas estaba en el quicio de un local comercial? \u00a1Acu\u00e9rdate! \u00bfQui\u00e9n estaba contigo cuando, intr\u00e9pidamente, te subiste a la parte trasera del tren para saber c\u00f3mo se sent\u00eda irse de mosca? \u00a1Recuerda! \u00bfQui\u00e9n te ayudaba a pintar cuando le daban manteamiento a la casa?<\/p>\n<p>\u00bfQui\u00e9n estaba junto a ti cuando tu padre quer\u00eda pegarle a tu mam\u00e1 y t\u00fa te interpon\u00edas entre los dos? \u00bfRecuerdas c\u00f3mo, al sentir un hombro tocando tu brazo, giraste tu cabeza, viste a tu hermano y sentiste c\u00f3mo estaba temblando de miedo por enfrentarse a tu padre, esperando recibir una tremenda paliza por tal atrevimiento? A pesar del miedo, \u00e9l no se movi\u00f3 ni un mil\u00edmetro cuando tu padre, furioso, se acerc\u00f3 a los dos con la mano levantada para asestarles el golpe; y t\u00fa cerraste los ojos para recibirlo, pero nunca lleg\u00f3. Cuando los volviste a abrir, tu pap\u00e1 iba saliendo de la casa.<\/p>\n<p>\u00bfSiente celos? \u00bfCelos de tu hermano? \u00bfDe qu\u00e9? \u00bfAcaso de las palizas que, a sus 12 a\u00f1os, le daba tu pap\u00e1, aquellos golpes que parec\u00edan que le estaba pegando a un hombre y no a un ni\u00f1o? \u00a1T\u00fa lo viste, t\u00fa gritabas!: \u00ab\u00a1Ya, pap\u00e1! \u00a1Ya no le pegue! \u00a1Ya d\u00e9jelo!\u00bb. Y cuando quisiste meterte a defenderlo, tu padre te dio un empuj\u00f3n y, jalando a tu hermano, se meti\u00f3 con \u00e9l al ba\u00f1o cerrando la puerta por dentro. Y desde afuera o\u00edas c\u00f3mo le segu\u00eda pegando. \u00bfLo recuerdas? S\u00ed, claro que s\u00ed.<\/p>\n<p>\u00bfDe eso tienes celos? No, tal vez no. A lo mejor de cuando perdi\u00f3 una parte de sus dedos en el taller mec\u00e1nico, al que tu pap\u00e1 lo obligaba a ir, quesque para que se hiciera un hombre responsable, \u00bfesa marca quer\u00edas para sentirte querida? \u00bfO tal vez de todas aquellas ocasiones en que tu padre lo corri\u00f3 y que, durante m\u00e1s de un a\u00f1o, tuvo prohibida la entrada a la casa? S\u00ed s\u00ed, esa clase de cari\u00f1o quer\u00edas que tu padre te diera, por eso sent\u00edas celos de tu hermano.<\/p><\/blockquote>\n<h4>Sonia Luisa Jasso Olivares<\/h4>\n","protected":false},"excerpt":{"rendered":"<p>Cuando yo ten\u00eda dos a\u00f1os, naci\u00f3 mi hermano. Su llegada alegr\u00f3 el ego de mi padre. Y como primer var\u00f3n,&nbsp;<a href=\"https:\/\/tlatelolcounam.mx\/uva\/celos\/\">&hellip;<\/a><\/p>\n","protected":false},"author":1,"featured_media":0,"comment_status":"closed","ping_status":"closed","sticky":false,"template":"","format":"standard","meta":{"footnotes":""},"categories":[18],"tags":[],"class_list":["post-484","post","type-post","status-publish","format-standard","hentry","category-cronicas-y-relatos","odd"],"gutentor_comment":0,"_links":{"self":[{"href":"https:\/\/tlatelolcounam.mx\/uva\/wp-json\/wp\/v2\/posts\/484","targetHints":{"allow":["GET"]}}],"collection":[{"href":"https:\/\/tlatelolcounam.mx\/uva\/wp-json\/wp\/v2\/posts"}],"about":[{"href":"https:\/\/tlatelolcounam.mx\/uva\/wp-json\/wp\/v2\/types\/post"}],"author":[{"embeddable":true,"href":"https:\/\/tlatelolcounam.mx\/uva\/wp-json\/wp\/v2\/users\/1"}],"replies":[{"embeddable":true,"href":"https:\/\/tlatelolcounam.mx\/uva\/wp-json\/wp\/v2\/comments?post=484"}],"version-history":[{"count":1,"href":"https:\/\/tlatelolcounam.mx\/uva\/wp-json\/wp\/v2\/posts\/484\/revisions"}],"predecessor-version":[{"id":485,"href":"https:\/\/tlatelolcounam.mx\/uva\/wp-json\/wp\/v2\/posts\/484\/revisions\/485"}],"wp:attachment":[{"href":"https:\/\/tlatelolcounam.mx\/uva\/wp-json\/wp\/v2\/media?parent=484"}],"wp:term":[{"taxonomy":"category","embeddable":true,"href":"https:\/\/tlatelolcounam.mx\/uva\/wp-json\/wp\/v2\/categories?post=484"},{"taxonomy":"post_tag","embeddable":true,"href":"https:\/\/tlatelolcounam.mx\/uva\/wp-json\/wp\/v2\/tags?post=484"}],"curies":[{"name":"wp","href":"https:\/\/api.w.org\/{rel}","templated":true}]}}