{"id":478,"date":"2020-08-31T23:42:39","date_gmt":"2020-08-31T23:42:39","guid":{"rendered":"http:\/\/tlatelolcounam.mx\/uva\/2020\/?p=478"},"modified":"2020-08-31T23:43:16","modified_gmt":"2020-08-31T23:43:16","slug":"oaxaca","status":"publish","type":"post","link":"https:\/\/tlatelolcounam.mx\/uva\/oaxaca\/","title":{"rendered":"Oaxaca"},"content":{"rendered":"<blockquote><p>En 1964 investigu\u00e9 cu\u00e1l era el tren que iba a Oaxaca. El de segunda clase sal\u00eda todos los d\u00edas a las 6 de la tarde. Escog\u00ed viajar el 19 de diciembre para regresar el 24 a la cena familiar.<\/p>\n<p>Llegu\u00e9 a la estaci\u00f3n con una hora de anticipaci\u00f3n, as\u00ed que consegu\u00ed asiento con ventana. La mayor\u00eda de los viajeros eran oriundos de Oaxaca. La forma en que vest\u00edan era: ellas con sus faldas con espiguilla triangular y recta y con sus canastas llenas de comida, ellos en calzoncillos, camisas de la misma tela, sombrero y huaraches.<\/p>\n<p>El tren avanzaba y se iba internando en los aserraderos. Pude ver a los peones en las zonas donde se cultiva la pi\u00f1a, mujeres y hombres haciendo su labor. Tambi\u00e9n pasamos por las ruinas arqueol\u00f3gicas. \u00a1Durante todo el viaje disfrut\u00e9 de esas bellezas y todas ellas se quedaron en m\u00ed!<\/p>\n<p>Llegu\u00e9 a Oaxaca el 20 de diciembre a las 2 de la tarde. Sal\u00ed de la estaci\u00f3n, tom\u00e9 un taxi y le dije al chofer: al Z\u00f3calo. Ah\u00ed, busqu\u00e9 un hotel a mi gusto y me instal\u00e9.<\/p>\n<p>Despu\u00e9s visit\u00e9 la Catedral, que fue edificada en cantera verde y que tiene en su interior un \u00f3rgano monumental, adem\u00e1s de vitrales con im\u00e1genes de San Pablo. Luego fui al templo y ex convento de Santo Domingo, con su b\u00f3veda de medio ca\u00f1\u00f3n ricamente decorado con fachadas en cantera rosa.<\/p>\n<p>Tambi\u00e9n visit\u00e9 la Plaza de Armas, vi la Alameda con su quiosco y fui al famoso mercado donde pude desayunar, comer y cenar todos los d\u00edas. Siempre orden\u00e9 diferente y as\u00ed disfrut\u00e9 de muchos platillos.<\/p>\n<p>Como turista, sent\u00ed mucha atenci\u00f3n especial. Incluso tuve la suerte de que me indicaran en d\u00f3nde pod\u00eda encontrar artesan\u00edas exclusivas. Al entrar al lugar, me sorprendi\u00f3 el oficio de piedras bien trabajadas, el oro, la plata. Caminando, encontr\u00e9 lugares donde hac\u00edan una tarea ejemplar. Decidir qu\u00e9 comprar fue dif\u00edcil.<\/p>\n<p>Segu\u00ed con mi camino y pregunt\u00e9 por las cantinas. Iba all\u00e1 a donde me las se\u00f1alaban y al entrar ped\u00eda mezcal con gusano, sin gusano y tambi\u00e9n un par de cervezas.<\/p>\n<p>Pero ten\u00eda que ir a Huatulco. El viaje fue de 12 horas. Primero llegu\u00e9 a Puerto \u00c1ngel y ah\u00ed abord\u00e9 otro cami\u00f3n. Me instal\u00e9 en una caba\u00f1a para pasar las noches disfrutando y compartiendo con la comunidad los distintos placeres del lugar: la comida, tomar, fumar, etc\u00e9tera.<\/p>\n<p>El regreso fue en avioneta. Llegu\u00e9 al aeropuerto, abord\u00e9 el avi\u00f3n y otra vez me sorprendi\u00f3 lo hermoso de nuestro pa\u00eds y de nuestras gentes: las mujeres con sus blusas floreadas, con bordados de calidad en tela y dise\u00f1o, adem\u00e1s la elegancia con que portaban las cazuelas, supongo que llevaban el mole tradicional. Los hombres, en guayabera de lino, cargaban mezcal y dulces.<\/p>\n<p>Por fin llegu\u00e9 al D.F. para terminar el viaje y estar en casa para la cena de Navidad.<\/p><\/blockquote>\n<h4>Xavier Rubio<\/h4>\n","protected":false},"excerpt":{"rendered":"<p>En 1964 investigu\u00e9 cu\u00e1l era el tren que iba a Oaxaca. El de segunda clase sal\u00eda todos los d\u00edas a&nbsp;<a href=\"https:\/\/tlatelolcounam.mx\/uva\/oaxaca\/\">&hellip;<\/a><\/p>\n","protected":false},"author":1,"featured_media":0,"comment_status":"closed","ping_status":"closed","sticky":false,"template":"","format":"standard","meta":{"footnotes":""},"categories":[18],"tags":[],"class_list":["post-478","post","type-post","status-publish","format-standard","hentry","category-cronicas-y-relatos","odd"],"gutentor_comment":0,"_links":{"self":[{"href":"https:\/\/tlatelolcounam.mx\/uva\/wp-json\/wp\/v2\/posts\/478","targetHints":{"allow":["GET"]}}],"collection":[{"href":"https:\/\/tlatelolcounam.mx\/uva\/wp-json\/wp\/v2\/posts"}],"about":[{"href":"https:\/\/tlatelolcounam.mx\/uva\/wp-json\/wp\/v2\/types\/post"}],"author":[{"embeddable":true,"href":"https:\/\/tlatelolcounam.mx\/uva\/wp-json\/wp\/v2\/users\/1"}],"replies":[{"embeddable":true,"href":"https:\/\/tlatelolcounam.mx\/uva\/wp-json\/wp\/v2\/comments?post=478"}],"version-history":[{"count":2,"href":"https:\/\/tlatelolcounam.mx\/uva\/wp-json\/wp\/v2\/posts\/478\/revisions"}],"predecessor-version":[{"id":480,"href":"https:\/\/tlatelolcounam.mx\/uva\/wp-json\/wp\/v2\/posts\/478\/revisions\/480"}],"wp:attachment":[{"href":"https:\/\/tlatelolcounam.mx\/uva\/wp-json\/wp\/v2\/media?parent=478"}],"wp:term":[{"taxonomy":"category","embeddable":true,"href":"https:\/\/tlatelolcounam.mx\/uva\/wp-json\/wp\/v2\/categories?post=478"},{"taxonomy":"post_tag","embeddable":true,"href":"https:\/\/tlatelolcounam.mx\/uva\/wp-json\/wp\/v2\/tags?post=478"}],"curies":[{"name":"wp","href":"https:\/\/api.w.org\/{rel}","templated":true}]}}