{"id":470,"date":"2020-08-31T23:32:27","date_gmt":"2020-08-31T23:32:27","guid":{"rendered":"http:\/\/tlatelolcounam.mx\/uva\/2020\/?p=470"},"modified":"2020-08-31T23:36:28","modified_gmt":"2020-08-31T23:36:28","slug":"enlasnubes","status":"publish","type":"post","link":"https:\/\/tlatelolcounam.mx\/uva\/enlasnubes\/","title":{"rendered":"En las nubes"},"content":{"rendered":"<blockquote><p>Hab\u00edamos tomado el vuelo M\u00e9xico &#8211; Canc\u00fan en el aeropuerto de la Ciudad de M\u00e9xico y nuestra emoci\u00f3n crec\u00eda. Las expectativas que ten\u00edamos para ese viaje eran gigantescas. Celebrar\u00edamos el cumplea\u00f1os n\u00famero cuatro de Saham, nuestro hijo, en un incre\u00edble hotel de playa que ya nos aguardaba.<\/p>\n<p>Antes de abordar el avi\u00f3n tomamos en el aeropuerto un saludable desayuno que nos supo a gloria. Ya en pleno vuelo, la aeromoza present\u00f3 a la tripulaci\u00f3n y nos dio las indicaciones de c\u00f3mo actuar en caso de alguna emergencia. Eso siempre me ha puesto nervioso. Es como si nos prepararan para algo malo, como si supieran que enfrentar\u00edamos alg\u00fan suceso indeseable. Por eso no me gustan esas indicaciones.<\/p>\n<p>A Saham y a su madre eso no les importa; ponen la atenci\u00f3n necesaria y nada m\u00e1s. La inquietud m\u00e1s grande de Saham era esperar la hora en la que finalmente le ofrecer\u00edan algo de comer y de beber. Eso lo emociona siempre. Por eso, en esa ocasi\u00f3n, \u00e9l no hab\u00eda desayunado lo suficiente, para que cuando las aeromozas le ofrecieran el men\u00fa, \u00e9l pudiera comer de todo. \u00bfAs\u00ed son todos los ni\u00f1os cuando van cumplir cuatro a\u00f1os?<\/p>\n<p>Bueno, a m\u00ed tambi\u00e9n me gusta que las aeromozas lleguen a ofrecer el servicio; tomarse un whisky en las rocas, un tequila, una cerveza o un caf\u00e9 en pleno vuelo, a cinco mil metros de altura, es muy estimulante y tranquilizador.<\/p>\n<p>Nuestro vuelo transcurr\u00eda sin novedad; hab\u00edamos alcanzado la altura necesaria y la velocidad se hab\u00eda establecido. En las pantallas se proyectaba una pel\u00edcula de guerra, pero nosotros mir\u00e1bamos emocionados la nada, charl\u00e1bamos amenamente y jug\u00e1bamos a encontrarle forma a las nubes. Saham, muy pegado a la ventanilla, miraba sorprendido como las nubes iban y ven\u00edan en una danza interminable y como las atraves\u00e1bamos. Aun as\u00ed, de cuando en cuando bajaba la mesita y preguntaba si ya hab\u00edan pasado a ofrecer la comida.<\/p>\n<p>Por fin apareci\u00f3 la aeromoza con su prometedor carrito repleto de bebidas, botanas, galletas, caf\u00e9 y bocadillos salados. Me impresion\u00f3 sobremanera que la emoci\u00f3n antes manifestada por Saham decayera tanto en un momento y que solo pidiera chocolate y galletas. Despu\u00e9s volvi\u00f3 a mirar por la ventana. Sorprendida tambi\u00e9n, su mam\u00e1 le pregunt\u00f3 si quer\u00eda algo m\u00e1s y \u00e9l solo neg\u00f3 con la cabeza. La aeromoza se perdi\u00f3 entre los dem\u00e1s asientos y Saham de nuevo en la inmensidad de las nubes.<\/p>\n<p>Apur\u00f3 el chocolate y sus galletas para no perder un segundo y continuar admirando el infinito. Quise adivinar las miles de cosas que Saham pod\u00eda estar imaginando y un sinf\u00edn de preguntas me asaltaron: \u00bfPor qu\u00e9 est\u00e1 as\u00ed mi hijo? \u00bfQu\u00e9 estar\u00e1 pensando? \u00bfHacia d\u00f3nde lo conducen las nubes? \u00bfQu\u00e9 busca en ellas? Estaba en total silencio y en su rostro se dibujaban interrogantes indescifrables y emociones dif\u00edciles de interpretar.<\/p>\n<p>Ante ello, su mam\u00e1 le pregunt\u00f3:<\/p>\n<p>\u2014\u00bfTodo bien? \u00bfEst\u00e1s disfrutando el viaje?<\/p>\n<p>Sin dejar de mirar por la ventana, Saham solo le expres\u00f3:<\/p>\n<p>\u2014Ya hemos pasado muchas nubes; unas muy blancas, otras redondas y tambi\u00e9n algunas que ten\u00edan figuras, pero no he visto a mi abuelita. \u00bfCrees que falte mucho para que yo la vea? Yo quise que vol\u00e1ramos porque pens\u00e9 que podr\u00edamos verla \u00a1Ese ser\u00eda un verdadero regalo, el mejor regalo de cumplea\u00f1os!<\/p>\n<p>Gruesas l\u00e1grimas rodaron entonces por sus mejillas. El ni\u00f1o no pudo contenerlas m\u00e1s y empez\u00f3 a llorar desconsoladamente, sin dejar de mirar el pasar de las nubes.<\/p>\n<p>Intentando reconfortarlo, su madre le dijo que disfrutara el viaje, que su fiesta de cumplea\u00f1os ser\u00eda hermosa, llena de regalos, en un lugar incre\u00edble, una fiesta digna de un pr\u00edncipe, \u00a1que ser\u00eda inolvidable! Pero \u00e9l insisti\u00f3 en ver a su abuelita.<\/p>\n<p>Con mucha tristeza, su madre le dijo:<\/p>\n<p>\u2014\u00a1Yo s\u00e9 c\u00f3mo quer\u00edas a tu abuelita y cu\u00e1nto te quer\u00eda ella, yo lo s\u00e9! Solo recuerda que ella ya no est\u00e1 con nosotros.<\/p>\n<p>Y con mucho dolor, el ni\u00f1o sigui\u00f3:<\/p>\n<p>\u2014\u00a1Yo quiero ver a mi abue, mam\u00e1, yo quiero verla!<\/p>\n<p>\u2014\u00bfC\u00f3mo? \u2014le pregunt\u00f3 ella.<\/p>\n<p>\u2014No entiendo. \u00a1T\u00fa me dijiste que ya no llorara, que mi abuelita me cuidar\u00eda siempre, que ella me estar\u00eda protegiendo! T\u00fa me juraste que ella ya no sufrir\u00eda porque se hab\u00eda ido al cielo, que ya descansaba en paz y que desde entonces ella viv\u00eda en el cielo.<\/p>\n<p>La madre continu\u00f3:<\/p>\n<p>\u2014Eso es verdad. Ella ya descansa en paz, est\u00e1 muy feliz y desde el cielo nos cuida. Siempre velar\u00e1 por nosotros.<\/p>\n<p>Pero Saham contest\u00f3:<\/p>\n<p>\u2014Eso me lo dices siempre. Pero ahora que hemos atravesado tantas nubes y ya estamos en el cielo, no logro verla, no la puedo ver.<\/p>\n<p>\u2014\u00a1Peque\u00f1o, esc\u00fachame por favor! \u2014repuso su madre\u2014. S\u00e9 que es doloroso para ti que tu abuelita ya no est\u00e9 con nosotros. \u00a1Tambi\u00e9n a nosotros nos duele su ausencia! A ver mijito, c\u00f3mo te explico.<\/p>\n<p>Entonces, con mucha determinaci\u00f3n, el ni\u00f1o le reproch\u00f3:<\/p>\n<p>\u2014\u00a1No me expliques nada mam\u00e1, nada, no quiero que expliques! \u00a1Me enga\u00f1aste, ya estamos en el cielo y no puedo ver a mi abuelita, yo quiero verla, yo quiero verla mam\u00e1! Dijiste que no llorara, que mi abue nos esperar\u00eda en el cielo. \u00a1Me enga\u00f1aste mam\u00e1, me enga\u00f1aste!<\/p><\/blockquote>\n<h4><strong>Saturnino Abarca Villada<\/strong><\/h4>\n","protected":false},"excerpt":{"rendered":"<p>Hab\u00edamos tomado el vuelo M\u00e9xico &#8211; Canc\u00fan en el aeropuerto de la Ciudad de M\u00e9xico y nuestra emoci\u00f3n crec\u00eda. Las&nbsp;<a href=\"https:\/\/tlatelolcounam.mx\/uva\/enlasnubes\/\">&hellip;<\/a><\/p>\n","protected":false},"author":1,"featured_media":0,"comment_status":"closed","ping_status":"closed","sticky":false,"template":"","format":"standard","meta":{"footnotes":""},"categories":[18],"tags":[],"class_list":["post-470","post","type-post","status-publish","format-standard","hentry","category-cronicas-y-relatos","odd"],"gutentor_comment":0,"_links":{"self":[{"href":"https:\/\/tlatelolcounam.mx\/uva\/wp-json\/wp\/v2\/posts\/470","targetHints":{"allow":["GET"]}}],"collection":[{"href":"https:\/\/tlatelolcounam.mx\/uva\/wp-json\/wp\/v2\/posts"}],"about":[{"href":"https:\/\/tlatelolcounam.mx\/uva\/wp-json\/wp\/v2\/types\/post"}],"author":[{"embeddable":true,"href":"https:\/\/tlatelolcounam.mx\/uva\/wp-json\/wp\/v2\/users\/1"}],"replies":[{"embeddable":true,"href":"https:\/\/tlatelolcounam.mx\/uva\/wp-json\/wp\/v2\/comments?post=470"}],"version-history":[{"count":2,"href":"https:\/\/tlatelolcounam.mx\/uva\/wp-json\/wp\/v2\/posts\/470\/revisions"}],"predecessor-version":[{"id":474,"href":"https:\/\/tlatelolcounam.mx\/uva\/wp-json\/wp\/v2\/posts\/470\/revisions\/474"}],"wp:attachment":[{"href":"https:\/\/tlatelolcounam.mx\/uva\/wp-json\/wp\/v2\/media?parent=470"}],"wp:term":[{"taxonomy":"category","embeddable":true,"href":"https:\/\/tlatelolcounam.mx\/uva\/wp-json\/wp\/v2\/categories?post=470"},{"taxonomy":"post_tag","embeddable":true,"href":"https:\/\/tlatelolcounam.mx\/uva\/wp-json\/wp\/v2\/tags?post=470"}],"curies":[{"name":"wp","href":"https:\/\/api.w.org\/{rel}","templated":true}]}}