{"id":469,"date":"2020-08-31T23:32:17","date_gmt":"2020-08-31T23:32:17","guid":{"rendered":"http:\/\/tlatelolcounam.mx\/uva\/2020\/?p=469"},"modified":"2020-08-31T23:34:12","modified_gmt":"2020-08-31T23:34:12","slug":"fotografia","status":"publish","type":"post","link":"https:\/\/tlatelolcounam.mx\/uva\/fotografia\/","title":{"rendered":"Fotograf\u00eda"},"content":{"rendered":"<blockquote><p>&#8220;No hab\u00eda empezado diciembre cuando ya la publicidad, las luces y los aparadores hab\u00edan decidido nuestra alegr\u00eda y se hab\u00edan coludido para exigirnos optimismo&#8221;<em><strong>\u00a0[1].<\/strong><\/em> Sobre todo en la Alameda Central, donde se encontraban los Santa Closes vestidos de rojo y los Tres Reyes Magos, todos queriendo convencer a los ni\u00f1os para que se tomaran una fotograf\u00eda.<\/p>\n<p>Yo, curiosa, quise llegar a ellos y tocar sus vestimentas aterciopeladas y suaves al tacto. Como era m\u00e1s peque\u00f1a que mis dos hermanos, usualmente me cargaban. Mi madre siempre estaba angustiada por pagar las fotograf\u00edas que, por cierto, no eran de buena calidad. En pocos meses se despintaban, sobre todo si no esper\u00e1bamos a que se secaran.<\/p>\n<p>Una vez un Rey Mago se acerc\u00f3 a m\u00ed. Era Baltasar, con su piel llena de bet\u00fan negro. Quer\u00eda convencerme para tomar la fotograf\u00eda y lo logr\u00f3 con unos globos. Mi mam\u00e1 ya no quer\u00eda m\u00e1s fotos, por\u00a0 lo que dijo: No puedo pagar. Entonces el Rey comenz\u00f3 a disminuir el precio hasta que lleg\u00f3 al adecuado. Yo, gustosa, dej\u00e9 que me cargara. Al verlo de cerca, not\u00e9 que su cara estaba maquillada y con un dedo comenc\u00e9 a tocarlo y vi c\u00f3mo se despintaba. El pobre Baltasar no consigui\u00f3 que dejara de moverme ni un momento y as\u00ed sal\u00ed en la fotograf\u00eda, la cual tambi\u00e9n termin\u00f3 por diluirse, en el papel y en mis recuerdos.<\/p>\n<p><a title=\"\" href=\"http:\/\/tlatelolcounam.mx\/uva\/#_ftnref1\" name=\"_ftn1\">[1]<\/a>\u00a0Sheridan, Guillermo. &#8220;La suerte de\u00a0<em>Fortinbras<\/em>&#8220;.\u00a0<em>Toda una vida estar\u00eda conmigo<\/em>. \u00a0Oaxaca: Almadia, 2014, p. 17.<\/p><\/blockquote>\n<h4>Consuelo Urbina M\u00e9ndez<\/h4>\n","protected":false},"excerpt":{"rendered":"<p>&#8220;No hab\u00eda empezado diciembre cuando ya la publicidad, las luces y los aparadores hab\u00edan decidido nuestra alegr\u00eda y se hab\u00edan&nbsp;<a href=\"https:\/\/tlatelolcounam.mx\/uva\/fotografia\/\">&hellip;<\/a><\/p>\n","protected":false},"author":1,"featured_media":0,"comment_status":"closed","ping_status":"closed","sticky":false,"template":"","format":"standard","meta":{"footnotes":""},"categories":[18],"tags":[],"class_list":["post-469","post","type-post","status-publish","format-standard","hentry","category-cronicas-y-relatos","odd"],"gutentor_comment":0,"_links":{"self":[{"href":"https:\/\/tlatelolcounam.mx\/uva\/wp-json\/wp\/v2\/posts\/469","targetHints":{"allow":["GET"]}}],"collection":[{"href":"https:\/\/tlatelolcounam.mx\/uva\/wp-json\/wp\/v2\/posts"}],"about":[{"href":"https:\/\/tlatelolcounam.mx\/uva\/wp-json\/wp\/v2\/types\/post"}],"author":[{"embeddable":true,"href":"https:\/\/tlatelolcounam.mx\/uva\/wp-json\/wp\/v2\/users\/1"}],"replies":[{"embeddable":true,"href":"https:\/\/tlatelolcounam.mx\/uva\/wp-json\/wp\/v2\/comments?post=469"}],"version-history":[{"count":2,"href":"https:\/\/tlatelolcounam.mx\/uva\/wp-json\/wp\/v2\/posts\/469\/revisions"}],"predecessor-version":[{"id":472,"href":"https:\/\/tlatelolcounam.mx\/uva\/wp-json\/wp\/v2\/posts\/469\/revisions\/472"}],"wp:attachment":[{"href":"https:\/\/tlatelolcounam.mx\/uva\/wp-json\/wp\/v2\/media?parent=469"}],"wp:term":[{"taxonomy":"category","embeddable":true,"href":"https:\/\/tlatelolcounam.mx\/uva\/wp-json\/wp\/v2\/categories?post=469"},{"taxonomy":"post_tag","embeddable":true,"href":"https:\/\/tlatelolcounam.mx\/uva\/wp-json\/wp\/v2\/tags?post=469"}],"curies":[{"name":"wp","href":"https:\/\/api.w.org\/{rel}","templated":true}]}}