{"id":460,"date":"2020-08-31T23:27:21","date_gmt":"2020-08-31T23:27:21","guid":{"rendered":"http:\/\/tlatelolcounam.mx\/uva\/2020\/?p=460"},"modified":"2020-08-31T23:29:08","modified_gmt":"2020-08-31T23:29:08","slug":"calcetasmoradas","status":"publish","type":"post","link":"https:\/\/tlatelolcounam.mx\/uva\/calcetasmoradas\/","title":{"rendered":"Calcetas Moradas"},"content":{"rendered":"<blockquote><p>La primera vez que ella vio la ciudad llena de luces, con anuncios de colores tan brillantes, lo \u00fanico que pas\u00f3 por su mente fue que alg\u00fan d\u00eda vivir\u00eda ah\u00ed.<\/p>\n<p>Aquel verano la madre no hab\u00eda podido ir con su esposo a la ciudad, as\u00ed que le sugiri\u00f3 que se llevara a su hija m\u00e1s peque\u00f1a, de solo seis a\u00f1os, para que lo acompa\u00f1ara, y as\u00ed lo hizo. La ni\u00f1a pens\u00f3: &#8220;Qu\u00e9 raro que me elijan a m\u00ed, pues siempre prefieren a mis hermanos&#8221;, pero se sinti\u00f3 feliz de viajar con su padre, pues \u00e9l era el hombre m\u00e1s maravilloso del mundo.<\/p>\n<p>Cuando bajaron del primer cami\u00f3n, su padre le compr\u00f3 una barra de chocolate, que ella llev\u00f3 en su mano izquierda.<\/p>\n<p>Ah\u00ed esperaron a que pasara el autob\u00fas que los llevar\u00eda hasta la ciudad. El trayecto fue un poco largo y ella no acababa de entender por qu\u00e9 se sent\u00eda tan emocionada. Quiz\u00e1 era porque ese viaje iba a definir el derrotero de su vida. Mientras tanto, ella disfrut\u00f3 del camino observando a trav\u00e9s del cristal paisajes diferentes a los de su pueblo: las personas, las casas, las plantas, los perros. \u00a1Todo le resultaba completamente nuevo!<\/p>\n<p>Su padre, con esa sonrisa en el rostro que siempre denotaba alegr\u00eda, tambi\u00e9n disfrutaba del viaje que le permitir\u00eda visitar a sus hijos mayores, adem\u00e1s de que llevar\u00eda mucha informaci\u00f3n nueva para compartirla con sus alumnos en la escuela primaria del pueblo, de la cual \u00e9l era el director.<\/p>\n<p>Durante el tramo final hab\u00eda \u00e1rboles de eucalipto a ambos lados de la carretera y fue entonces que su padre le dijo: \u00a1Mira! \u00a1All\u00e1 se ven los volcanes! Ya pronto llegaremos.<\/p>\n<p>A la ni\u00f1a le parecieron mucho m\u00e1s hermosos, que en sus libros.<\/p>\n<p>Conforme se acercaban a la ciudad hab\u00eda cada vez m\u00e1s autos y camiones, los cuales pasaban a gran velocidad. A ella le agradaba su zumbido. En su pueblo solo transitaban dos desvencijados camiones de pasajeros, uno para Pachuca y otro para Tula, que solo circulaban por la ma\u00f1ana, el mediod\u00eda y por la tarde. Ocasionalmente pasaba tambi\u00e9n el cami\u00f3n de carga de Don Sotero, el hijo mayor de Don Guadalupe, quien, seg\u00fan contaban, hab\u00eda hecho un pacto con el Diablo porque de la noche a la ma\u00f1ana se volvi\u00f3 rico.<\/p>\n<p>Tambi\u00e9n, aunque muy pocas veces, desfilaba la vieja &#8220;Pichirila&#8221;, que exhalaba un mont\u00f3n de humo y cuando se deten\u00eda le ten\u00edan que dar cuerda con una manivela para que volviera a arrancar.<\/p>\n<p>Con tantas sorpresas que ve\u00edan sus ojos, la ni\u00f1a se hab\u00eda olvidado de la barra de chocolate que su padre le hab\u00eda comprado, hasta que descubri\u00f3 que se hab\u00eda derretido por completo en su mano izquierda.<\/p>\n<p>Cuando llegaron a la casa de la hermana mayor, todos los familiares los recibieron con alegr\u00eda: \u00a1Lleg\u00f3 el abuelo!, gritaban los nietos con emoci\u00f3n, porque \u00e9l siempre los llevaba al Circo Atayde y eso era para ellos un gran acontecimiento.<\/p>\n<p>Pero no todo acab\u00f3 ah\u00ed. Por la noche, cuando el hermano mayor regres\u00f3 de trabajar, los invit\u00f3 al cine. En la calle, la ni\u00f1a segu\u00eda maravill\u00e1ndose con todos los anuncios de colores brillantes: Corona Extra, Coca Cola, Chevrolet y muchos m\u00e1s. Llena de asombro, vio que los asientos de la sala no eran como los improvisados tablones del cine de su pueblo, el cine &#8220;Encanto&#8221;, de Don Jer\u00f3nimo, donde solo pasaban pel\u00edculas de vampiros que a ella le daban mucho miedo.<\/p>\n<p>En su mente, la ni\u00f1a se repet\u00eda una y otra vez: &#8220;Alg\u00fan d\u00eda vivir\u00e9 en esta ciudad&#8221;. Su padre, en cambio, pensaba que su pueblo y sobre todo su escuela eran lo m\u00e1s importante para \u00e9l y que nunca los cambiar\u00eda.<\/p>\n<p>A los diez a\u00f1os de edad y usando sus calcetas moradas, la ni\u00f1a viajo de regreso a la ciudad que tanto la hab\u00eda deslumbrado, esta vez para quedarse y para escribir ah\u00ed muchas p\u00e1ginas m\u00e1s de su propia historia.<\/p><\/blockquote>\n<h4>Mar\u00eda Ida Margarita P\u00e9rez Cer\u00f3n<\/h4>\n","protected":false},"excerpt":{"rendered":"<p>La primera vez que ella vio la ciudad llena de luces, con anuncios de colores tan brillantes, lo \u00fanico que&nbsp;<a href=\"https:\/\/tlatelolcounam.mx\/uva\/calcetasmoradas\/\">&hellip;<\/a><\/p>\n","protected":false},"author":1,"featured_media":0,"comment_status":"closed","ping_status":"closed","sticky":false,"template":"","format":"standard","meta":{"footnotes":""},"categories":[18],"tags":[],"class_list":["post-460","post","type-post","status-publish","format-standard","hentry","category-cronicas-y-relatos","odd"],"gutentor_comment":0,"_links":{"self":[{"href":"https:\/\/tlatelolcounam.mx\/uva\/wp-json\/wp\/v2\/posts\/460","targetHints":{"allow":["GET"]}}],"collection":[{"href":"https:\/\/tlatelolcounam.mx\/uva\/wp-json\/wp\/v2\/posts"}],"about":[{"href":"https:\/\/tlatelolcounam.mx\/uva\/wp-json\/wp\/v2\/types\/post"}],"author":[{"embeddable":true,"href":"https:\/\/tlatelolcounam.mx\/uva\/wp-json\/wp\/v2\/users\/1"}],"replies":[{"embeddable":true,"href":"https:\/\/tlatelolcounam.mx\/uva\/wp-json\/wp\/v2\/comments?post=460"}],"version-history":[{"count":4,"href":"https:\/\/tlatelolcounam.mx\/uva\/wp-json\/wp\/v2\/posts\/460\/revisions"}],"predecessor-version":[{"id":464,"href":"https:\/\/tlatelolcounam.mx\/uva\/wp-json\/wp\/v2\/posts\/460\/revisions\/464"}],"wp:attachment":[{"href":"https:\/\/tlatelolcounam.mx\/uva\/wp-json\/wp\/v2\/media?parent=460"}],"wp:term":[{"taxonomy":"category","embeddable":true,"href":"https:\/\/tlatelolcounam.mx\/uva\/wp-json\/wp\/v2\/categories?post=460"},{"taxonomy":"post_tag","embeddable":true,"href":"https:\/\/tlatelolcounam.mx\/uva\/wp-json\/wp\/v2\/tags?post=460"}],"curies":[{"name":"wp","href":"https:\/\/api.w.org\/{rel}","templated":true}]}}