{"id":4468,"date":"2024-01-21T09:01:44","date_gmt":"2024-01-21T09:01:44","guid":{"rendered":"https:\/\/tlatelolcounam.mx\/uva\/?p=4468"},"modified":"2024-06-11T00:01:53","modified_gmt":"2024-06-11T00:01:53","slug":"espacio-vacio_convocatoria_","status":"publish","type":"post","link":"https:\/\/tlatelolcounam.mx\/uva\/espacio-vacio_convocatoria_\/","title":{"rendered":""},"content":{"rendered":"\n<div id=\"section-gaef330\" class=\"wp-block-gutentor-e6 section-gaef330 gutentor-element gutentor-element-image\"><div class=\"gutentor-element-image-box\"><div class=\"gutentor-image-thumb\"><img decoding=\"async\" class=\"normal-image\" src=\"https:\/\/tlatelolcounam.mx\/uva\/wp-content\/uploads\/2024\/01\/Convocatoria-Espacio-Vacio-2-04-scaled.jpg\"\/><\/div><\/div><\/div>\n\n\n\n<p>La Universidad Nacional Aut\u00f3noma de M\u00e9xico, a trav\u00e9s del Centro Cultural Universitario Tlatelolco y de la Unidad de Vinculaci\u00f3n Art\u00edstica UVA convoca a profesionales de las artes y artistas emergentes o en formaci\u00f3n, para integrar la programaci\u00f3n del <em>Espacio vac\u00edo de la UVA<\/em>, durante el 2024.<\/p>\n\n\n\n<p>Como parte de nuestra misi\u00f3n para compartir diferentes manifestaciones art\u00edsticas para la comunidad de Tlatelolco y las personas que participan en nuestras actividades culturales, en septiembre de 2023, inauguramos <strong><mark style=\"background-color:rgba(0, 0, 0, 0)\" class=\"has-inline-color has-vivid-purple-color\">El Espacio vac\u00edo de la UVA, peque\u00f1o espacio esc\u00e9nico al aire libre, ubicado en la esquina de nuestras instalaciones<\/mark>,<\/strong> entre el estacionamiento de la UVA y la calle de Almacenes, a un costado del Jard\u00edn de Santiago.<\/p>\n\n\n\n<p>La UVA, escuela de artes en el coraz\u00f3n de Tlatelolco, es un \u00e1rea estrat\u00e9gica del CCUT para la educaci\u00f3n art\u00edstica no formal y la vinculaci\u00f3n comunitaria. Todas las edades, identidades, orientaciones, perfiles e intereses son bienvenidos; abrazamos la diversidad, lo heterog\u00e9neo, lo flexible y el encuentro en un espacio universitario donde la creaci\u00f3n art\u00edstica nos permita explorar nuevas formas de reconocernos como comunidad.<\/p>\n\n\n\n<p class=\"has-text-align-center\"><strong><mark style=\"background-color:rgba(0, 0, 0, 0)\" class=\"has-inline-color has-vivid-purple-color\">OBJETIVOS<\/mark><\/strong><\/p>\n\n\n\n<p>\u00b7 Reforzar la misi\u00f3n y objetivos del CCUT a trav\u00e9s del lenguaje art\u00edstico y el v\u00ednculo con compa\u00f1\u00edas y creadores afines.<\/p>\n\n\n\n<p>. Propiciar la reflexi\u00f3n desde la Universidad sobre el uso del espacio p\u00fablico y el v\u00ednculo entre comunidad y territorio a trav\u00e9s de las artes pl\u00e1sticas y las artes vivas.<\/p>\n\n\n\n<p>\u00b7 Estimular la creaci\u00f3n de p\u00fablicos desde el ejercicio de los derechos culturales de los ciudadanxs de la CDMX.<\/p>\n\n\n\n<p>\u00b7 Visibilizar el reci\u00e9n inaugurado Espacio vac\u00edo de la UVA, para la presentaci\u00f3n y exhibici\u00f3n de propuestas de investigaci\u00f3n e intervenci\u00f3n del espacio p\u00fablico.<\/p>\n\n\n\n<p class=\"has-text-align-center\"><strong><mark style=\"background-color:rgba(0, 0, 0, 0)\" class=\"has-inline-color has-vivid-purple-color\">BASES DE PARTICIPACI\u00d3N<\/mark><\/strong><\/p>\n\n\n\n<p>1.&nbsp; Podr\u00e1n participar personas mayores de edad, de nacionalidad mexicana o extranjera, con experiencia en la creaci\u00f3n art\u00edstica.<\/p>\n\n\n\n<p>2.&nbsp; Se aceptar\u00e1n hasta tres propuestas de intervenci\u00f3n por cada participante en esta convocatoria, siendo posible la selecci\u00f3n s\u00f3lo de una de ellas.<\/p>\n\n\n\n<p>3.&nbsp; De manera enunciativa, \u23afno limitativa,\u23af&nbsp; las propuestas para integrar la programaci\u00f3n del Espacio Vac\u00edo de la UVA&nbsp; podr\u00e1n abordar las siguientes disciplinas:<\/p>\n\n\n\n<p>      a)  Artes vivas (danza, circo, teatro, m\u00fasica, performance, intervenci\u00f3n esc\u00e9nica, happening,&nbsp; concierto, etc.)<\/p>\n\n\n\n<p>      b)&nbsp; Artes visuales (instalaci\u00f3n, pintura, mural, paste up, gigantograf\u00eda, fotograf\u00eda, dibujo, escultura, bioarte, etc.)<\/p>\n\n\n\n<p>5.&nbsp; Se elegir\u00e1n hasta tres proyectos de intervenci\u00f3n, pl\u00e1stica y\/o esc\u00e9nica, para presentarse durante abril, junio y septiembre de 2024, respectivamente, con un apoyo para la producci\u00f3n hasta de $20,000.00 para cada uno.&nbsp;<\/p>\n\n\n\n<p>6.&nbsp; Para ejercer este recurso monetario, los proyectos seleccionados deber\u00e1n designar a una persona responsable quien emitir\u00e1 un Comprobante Fiscal Digital por Internet (CFDI), bajo el R\u00e9gimen de Persona F\u00edsica con Actividad Empresarial y Profesional, y seguir\u00e1 el tr\u00e1mite que indique la Unidad Administrativa del CCUTlatelolco.<\/p>\n\n\n\n<p>7.&nbsp; Las propuestas de intervenci\u00f3n deber\u00e1n considerar lo siguiente:&nbsp;<\/p>\n\n\n\n<ul class=\"wp-block-list\">\n<li>El Espacio Vac\u00edo de la UVA, es un rect\u00e1ngulo de 1.20 m ancho x 3.14 m de largo, con una pared al fondo de aproximadamente 4 m de altura, conformado por una reja de metal cuadriculada de 3.14 m x 2.09 m, por la que se puede subir, trepar o abrir por uno de sus extremos a trav\u00e9s de una puerta de .60 m. Los muros que lo conforman forman parte del edificio y azotea de la Unidad de Vinculaci\u00f3n Art\u00edstica.<\/li>\n\n\n\n<li>Podr\u00e1n hacer uso del estacionamiento y banqueta de la UVA, ya sea como extensi\u00f3n del espacio esc\u00e9nico o para el p\u00fablico.<\/li>\n\n\n\n<li>La iluminaci\u00f3n del Espacio Vac\u00edo es la propia del alumbrado p\u00fablico y de las instalaciones de la UVA<\/li>\n<\/ul>\n\n\n\n<p>8. Para intervenciones pl\u00e1sticas recomendamos:&nbsp;<\/p>\n\n\n\n<ul class=\"wp-block-list\">\n<li>Usar elementos y materiales resistentes al clima, que no requieran mantenimiento o cuidados especiales, ni instalaci\u00f3n el\u00e9ctrica, y que contemplen una duraci\u00f3n de vida de 15 d\u00edas como m\u00ednimo, considerando su deterioro o destrucci\u00f3n por el sol, lluvia y viento.<\/li>\n\n\n\n<li>Que el dise\u00f1o y montaje se resuelva de manera sencilla, sin requerir instalaciones complejas que impliquen una modificaci\u00f3n o da\u00f1o al inmueble y su estructura.<\/li>\n\n\n\n<li>Considerar que al estar en el espacio p\u00fablico la instalaci\u00f3n posiblemente ser\u00e1 intervenida por las personas transe\u00fantes por lo que no podremos hacernos responsables por la integridad de las piezas o elementos que la conforman.<\/li>\n<\/ul>\n\n\n\n<p>9. Para intervenciones esc\u00e9nicas recomendamos:<\/p>\n\n\n\n<ul class=\"wp-block-list\">\n<li>Contemplar una duraci\u00f3n m\u00ednima de 15 minutos por intervenci\u00f3n y como m\u00e1xima de 60 minutos, con al menos tres presentaciones durante el periodo del proyecto.<\/li>\n\n\n\n<li>Prescindir de instalaci\u00f3n lum\u00ednica extra o contemplar dentro de su producci\u00f3n y presupuesto, la adquisici\u00f3n o renta del equipo y personal necesario para su operaci\u00f3n.<\/li>\n\n\n\n<li>Usar instrumentos musicales en vivo para convocar a las personas transe\u00fantes, as\u00ed como proponer un dise\u00f1o sonoro adaptable para condiciones b\u00e1sicas de audio.<\/li>\n<\/ul>\n\n\n\n<p>10. Se dar\u00e1 preferencia a proyectos multidisciplinarios que contemplen tanto una intervenci\u00f3n pl\u00e1stica como intervenciones esc\u00e9nicas a manera de activaci\u00f3n de la pieza.&nbsp;<\/p>\n\n\n\n<p>11. La tem\u00e1tica de las propuestas ser\u00e1 libre, considerando que estar\u00e1 dirigida para todas las audiencias, desde infantes hasta adultos mayores y que ser\u00e1 de entrada gratuita para el p\u00fablico, dada la naturaleza del espacio.&nbsp;<\/p>\n\n\n\n<p>12. Para la difusi\u00f3n de la Programaci\u00f3n del Espacio Vac\u00edo de la UVA \u3161considerando la propuesta de imagen de cada proyecto\u3161, el CCUT dise\u00f1ar\u00e1 un social digital, de acuerdo con la imagen gr\u00e1fica de todo el programa, para su uso en redes sociodigitales, en los sitios web del CCUT y de la UVA, en carteles impresos en las instalaciones de la UVA, en los medios internos de comunicaci\u00f3n con la Comunidad de la UVA, y los espacios a disposici\u00f3n de Cultura UNAM para tal efecto.<\/p>\n\n\n\n<p class=\"has-text-align-center\"><strong><mark style=\"background-color:rgba(0, 0, 0, 0)\" class=\"has-inline-color has-vivid-purple-color\">REQUISITOS<\/mark><\/strong><\/p>\n\n\n\n<p>13.&nbsp; Las propuestas deber\u00e1n ser de peque\u00f1o o mediano formato, con montajes sencillos pensados para el espacio al aire libre.<\/p>\n\n\n\n<p>14. Cada proyecto deber\u00e1 contar con un responsable de la operaci\u00f3n t\u00e9cnica, as\u00ed como del montaje y desmontaje de la obra\/instalaci\u00f3n.<\/p>\n\n\n\n<p>15. En caso de requerir apoyo de mudanza de escenograf\u00eda, utiler\u00eda, vestuario, materiales, objetos, etc.,&nbsp; se podr\u00e1 solicitar el servicio de transporte de camioneta del CCUT con un mes de anticipaci\u00f3n, en el entendido que deber\u00e1n contar con personal para carga y descarga.<\/p>\n\n\n\n<p>16. Los proyectos seleccionados deber\u00e1n contar con una persona responsable de su postulaci\u00f3n en esta convocatoria, quien realizar\u00e1 el proceso administrativo para la recepci\u00f3n de los recursos para la producci\u00f3n.<\/p>\n\n\n\n<p>17.&nbsp; Los grupos y artistas que deseen participar deber\u00e1n presentar un proyecto con&nbsp; los siguientes puntos desarrollados:<\/p>\n\n\n\n<ul class=\"wp-block-list\">\n<li>a) Datos de contacto del responsable de la proyecto (nombre, correo electr\u00f3nico y n\u00famero celular)<\/li>\n\n\n\n<li>b) Nombre del proyecto<\/li>\n\n\n\n<li>c) Sinopsis y duraci\u00f3n&nbsp;<\/li>\n\n\n\n<li>d) Descripci\u00f3n del proyecto<\/li>\n\n\n\n<li>e) Relevancia y pertinencia del proyecto de acuerdo con los objetivos del Espacio vac\u00edo de la UVA, en relaci\u00f3n al Centro Cultural Universitario Tlatelolco&nbsp;<\/li>\n\n\n\n<li>f) Propuesta de fechas de realizaci\u00f3n del proyecto (organizadas en uno de los siguientes meses: abril, junio y septiembre de 2024)<\/li>\n\n\n\n<li>g) Cr\u00e9ditos<\/li>\n\n\n\n<li>h) Semblanzas del equipo creativo<\/li>\n\n\n\n<li>i) Desglose presupuestal del apoyo para la producci\u00f3n ($20,000.00 para honorarios, materiales, renta de equipo, etc)<\/li>\n\n\n\n<li>j) Carta con los derechos de autor vigentes, en caso de usar materiales autorales de terceros&nbsp; (textos, im\u00e1genes, objetos, etc.)&nbsp;<\/li>\n\n\n\n<li>k) Requerimientos t\u00e9cnicos y\/o log\u00edsticos<\/li>\n\n\n\n<li>l) Datos de contacto de la persona responsable de la operaci\u00f3n t\u00e9cnica del proyecto<\/li>\n\n\n\n<li>m) Datos de contacto de la persona responsable del montaje y desmontaje del proyecto<\/li>\n\n\n\n<li>n) Tiempos de ensayo y\/o montaje<\/li>\n\n\n\n<li>o) Dise\u00f1os, videos, bocetos o fotograf\u00edas del montaje\/pieza\/intervenci\u00f3n<\/li>\n\n\n\n<li>p) Fotograf\u00eda o imagen para difusi\u00f3n del proyecto. Es necesario contar con los derechos para su uso y enviarla en formato .jpg y 300 dpi.<\/li>\n\n\n\n<li>q) Redes sociales (si es que cuentan con ellas)<\/li>\n\n\n\n<li>r) Enlaces a carpetas o videos que comprueben la trayectoria del responsable del proyecto o de la Compa\u00f1\u00eda&nbsp;<\/li>\n\n\n\n<li>s) Constancia actualizada de situaci\u00f3n fiscal de la persona responsable del proyecto para el procedimiento administrativo de recepci\u00f3n de los recursos para la producci\u00f3n<\/li>\n<\/ul>\n\n\n\n<p style=\"font-style:normal;font-weight:400\"><mark style=\"background-color:rgba(0, 0, 0, 0)\" class=\"has-inline-color has-black-color\">18. La recepci\u00f3n de los proyectos ser\u00e1 a trav\u00e9s del correo electr\u00f3nico <strong>uva@tlatelolcounam.mx<\/strong>, a partir de la fecha de publicaci\u00f3n de esta convocatoria y hasta las 20:00 horas del <strong>29 de febrero de 2024,<\/strong> <\/mark>tom\u00e1ndose como referencia la fecha y horario de recepci\u00f3n del correo. Los proyectos que sean enviados fuera de este plazo o por otra v\u00eda de comunicaci\u00f3n, no ser\u00e1n tomados en cuenta.<\/p>\n\n\n\n<p>19.&nbsp; Los proyectos deber\u00e1n enviarse en un \u00fanico archivo en formato .pdf, con una extensi\u00f3n m\u00e1xima de 13 cuartillas que deber\u00e1 nombrarse de la siguiente manera:&nbsp; <strong>EspacioVac\u00edoUVA2024_XXX<\/strong>_<em>iniciales del postulante<\/em>. Por ejemplo, si el postulante se llama Gabriel Garc\u00eda M\u00e1rquez, el archivo deber\u00e1 guardarse as\u00ed: EspacioVac\u00edoUVA2024_GGM. En el asunto del correo deber\u00e1 indicarse <strong>ESPACIO VAC\u00cdO 2024<\/strong><\/p>\n\n\n\n<p>20. En caso de requerir apoyo, las personas interesadas podr\u00e1n comunicarse a la Coordinaci\u00f3n de la UVA para acompa\u00f1arlas en el proceso de postulaci\u00f3n. La atenci\u00f3n ser\u00e1 v\u00eda correo electr\u00f3nico en uva@tlatelolcounam.mx y al tel\u00e9fono 55 51 17 28 18 ext. 49576 y 49573.<\/p>\n\n\n\n<p class=\"has-black-color has-text-color has-link-color wp-elements-dd785a765f086d29fcb2130124bf1bc6\" style=\"font-style:normal;font-weight:400\">21. Las personas interesadas podr\u00e1n solicitar una visita al Espacio Vac\u00edo de la UVA, en el correo y tel\u00e9fono arriba mencionado, as\u00ed como acceder a la siguiente carpeta electr\u00f3nica de <a href=\"https:\/\/drive.google.com\/drive\/folders\/1YBIeu4UuFLwh9XV26HH9JLaTDjuf_Xa5?usp=sharing\"><mark style=\"background-color:rgba(0, 0, 0, 0)\" class=\"has-inline-color has-vivid-purple-color\">Im\u00e1genes y videos Espacio vac\u00edo<\/mark><\/a><\/p>\n\n\n\n<p class=\"has-text-align-center\"><mark style=\"background-color:rgba(0, 0, 0, 0)\" class=\"has-inline-color has-vivid-purple-color\"><strong>PROCESO DE SELECCI\u00d3N Y RESULTADOS<\/strong><\/mark><\/p>\n\n\n\n<p>22. Las propuestas y el monto autorizado del apoyo para su producci\u00f3n, ser\u00e1n seleccionadas por un jurado integrado por personal del CCUTlatelolco y creadores del medio art\u00edstico de reconocida trayectoria. <\/p>\n\n\n\n<p>23. Se seleccionar\u00e1n hasta 3 propuestas para presentarse durante abril, junio y septiembre de 2024, respectivamente. <\/p>\n\n\n\n<p class=\"has-black-color has-text-color has-link-color wp-elements-0543abd569ef5adeb0dd21da8d1a5112\">24. Para la evaluaci\u00f3n de las propuestas, el jurado considerar\u00e1 la congruencia y pertinencia de la propuesta respecto a la misi\u00f3n y visi\u00f3n de la UVA (disponible en<a href=\"http:\/\/www.tlatelolcounam.mx\/uva\"> www.tlatelolcounam.mx\/uva<\/a>), as\u00ed como a los objetivos y lineamientos de la presente convocatoria y a la integraci\u00f3n de una programaci\u00f3n que cubra distintas disciplinas, p\u00fablicos e intereses. Asimismo se tomar\u00e1 en cuenta la viabilidad econ\u00f3mica y las condiciones t\u00e9cnicas para su realizaci\u00f3n.&nbsp;<\/p>\n\n\n\n<p>25. Las personas que participen de esta convocatoria podr\u00e1n ser contactadas o citadas para una entrevista como parte del proceso de selecci\u00f3n.<\/p>\n\n\n\n<p style=\"font-style:normal;font-weight:700\">26. Los resultados ser\u00e1n publicados en los canales de comunicaci\u00f3n de la UVA, as\u00ed como del Centro Cultural Universitario Tlatelolco el d\u00eda <mark style=\"background-color:rgba(0, 0, 0, 0)\" class=\"has-inline-color has-black-color\">11 de marzo de 2024.<\/mark><\/p>\n\n\n\n<p>27. La decisi\u00f3n del jurado ser\u00e1 inapelable.<\/p>\n\n\n\n<p class=\"has-text-align-center\"><strong><mark style=\"background-color:rgba(0, 0, 0, 0)\" class=\"has-inline-color has-vivid-purple-color\">DISPOSICIONES GENERALES Y ADMINISTRATIVAS<\/mark><\/strong><\/p>\n\n\n\n<p>28. Las personas responsables de los proyectos seleccionados para integrar la programaci\u00f3n del Espacio Vac\u00edo de la UVA y de conformidad con la naturaleza de la presente convocatoria, prestar\u00e1n sus servicios profesionales en t\u00e9rminos de la normatividad administrativa de la UNAM y legislaci\u00f3n civil aplicable, por el tiempo que dure la convocatoria para el cual fue seleccionado. Para tal fin, es indispensable estar registrados en el SAT bajo el R\u00e9gimen de Personas F\u00edsicas con Actividades empresariales y Profesionales, adem\u00e1s de&nbsp; contar con la documentaci\u00f3n fiscal requerida en la normatividad del SAT (CURP, identificaci\u00f3n oficial, RFC, constancia de situaci\u00f3n fiscal actualizada, e-firma y recibos de honorarios vigentes en formato electr\u00f3nico). En el caso de los extranjeros, deber\u00e1n acreditar que cuentan con la calidad migratoria que le permite trabajar con remuneraci\u00f3n en el territorio nacional.<\/p>\n\n\n\n<p class=\"has-black-color has-text-color has-link-color wp-elements-bc7050bb9e8b52311fcadebe7263eed1\">29. El monto de. apoyo para la producci\u00f3n hasta de $20,000.00 para cada proyecto seleccionado, se ejercer\u00e1 bajo la emisi\u00f3n de un Comprobante fiscal digital por internet (CFDI), de acuerdo a las fechas y proceso que indique la Unidad Administrativa del CCUTlatelolco, en apego a las disposiciones administrativas se\u00f1aladas por la UNAM para proveedores y prestadores de servicios profesionales.&nbsp;<\/p>\n\n\n\n<p class=\"has-black-color has-text-color has-link-color wp-elements-f6512251a6cfd05b20f17b01b37dc72d\">30. Asimismo, las personas participantes (responsable, equipo creativo y apoyo t\u00e9cnico) de cada proyecto seleccionado, deber\u00e1n cumplir con las disposiciones del Reglamento Interno de la UVA, disponible y descargable en<a href=\"http:\/\/www.tlatelolcounam.mx\/uva\"> www.tlatelolcounam.mx\/uva<\/a><\/p>\n\n\n\n<p>31. Considerando que los servicios que ofrece la UVA est\u00e1n sujetos a la gesti\u00f3n y capacidad presupuestal del CCUT como dependencia universitaria, los proyectos seleccionados se realizar\u00e1n bajo la condici\u00f3n de ser viables en t\u00e9rminos de la capacidad de la instituci\u00f3n para atender sus requerimientos de espacios, materiales y equipos.&nbsp;<\/p>\n\n\n\n<p>32. Una vez publicados los resultados de esta convocatoria en los medios de comunicaci\u00f3n de la UVA y del CCUT, se convocar\u00e1 a una reuni\u00f3n con las personas responsables de los proyectos seleccionados para establecer un acuerdo de colaboraci\u00f3n en el que se defina un calendario de producci\u00f3n, montaje y realizaci\u00f3n, as\u00ed como la log\u00edstica y requerimientos. Una vez firmado este acuerdo no podr\u00e1n ser modificados los proyectos y su fecha de realizaci\u00f3n.<\/p>\n\n\n\n<p>33. Cualquier caso no previsto en esta convocatoria y en aquellas situaciones que surjan despu\u00e9s de emitido el fallo ser\u00e1n resueltas por esta instituci\u00f3n convocante de acuerdo al c\u00f3digo de \u00e9tica de la UNAM, a los lineamientos universitarios relativos a los derechos de autor y dem\u00e1s normatividad aplicable, as\u00ed como a la trayectoria art\u00edstica y \u00e9tica del participante. La facultad de resoluci\u00f3n podr\u00e1 ser transferida al Jurado.<\/p>\n\n\n\n<p>34. En caso de que el Jurado o la Coordinaci\u00f3n de la UVA, emita una resoluci\u00f3n de incumplimiento, por situaciones que surjan despu\u00e9s de emitido el fallo, la persona responsable del proyecto relacionada con este incumplimiento se compromete al reintegro total de la cantidad que en su caso se le hubiera abonado.<\/p>\n\n\n\n<p>35. La participaci\u00f3n en esta convocatoria implica la aceptaci\u00f3n plena de sus bases y condiciones. Cualquier asunto no previsto en esta convocatoria quedar\u00e1 a criterio del Centro Cultural Universitario Tlatelolco (CCUT).<\/p>\n\n\n\n<p>36.&nbsp; Con fundamento en lo dispuesto en los numerales 1, 2, inciso d), 3, 5, 10, 15, 17, 18, 20 y 32 de los Lineamientos para la protecci\u00f3n de Datos Personales en Posesi\u00f3n de la Universidad Nacional Aut\u00f3noma de M\u00e9xico publicados en la Gaceta UNAM el 25 de febrero de 2019, acordes con la Ley General de Protecci\u00f3n de Datos Personales en Posesi\u00f3n de Sujetos Obligados, y dem\u00e1s disposiciones que resulten aplicables, se hace del conocimiento de los participantes que los datos personales y sensibles que se obtengan por su participaci\u00f3n en la presente Convocatoria se recaban con el prop\u00f3sito de llevar a cabo su registro, evaluar su perfil como participante y enviarle informaci\u00f3n relativa al fallo que se emita.<\/p>\n\n\n\n<p class=\"has-black-color has-text-color has-link-color wp-elements-b9a311acc2287883d0c4e6170462a463\">37. La Unidad de Vinculaci\u00f3n Art\u00edstica del Centro Cultural Universitario Tlatelolco es responsable del tratamiento de datos personales de los participantes. Por lo cual, a fin de informar las caracter\u00edsticas principales de este tratamiento se pone a disposici\u00f3n el Aviso de Privacidad visible en el portal<a href=\"http:\/\/www.tlatelolcounam.mx\/uva\"> www.tlatelolcounam.mx\/uva<\/a> entendiendo que su participaci\u00f3n en la presente Convocatoria implica el conocimiento informado y aceptaci\u00f3n de su contenido.<\/p>\n\n\n\n<p>38. Para mayores informes,escribir a: <strong>uva@tlatelolcounam.mx<\/strong> indicando en el asunto: Informes Espacio Vac\u00edo<\/p>\n\n\n\n<p><style> \n.thumbnail img, img.size-full, img.size-large, img.wp-post-image {\n    height: auto;\n    max-width: 100%;\n    display: none;<\/style><\/p>\n\n\n\n<div class=\"wp-block-group\"><div class=\"wp-block-group__inner-container is-layout-constrained wp-block-group-is-layout-constrained\">\n<p class=\"has-text-align-center has-black-color has-text-color has-link-color wp-elements-c3680d297d501e76d94000c0f8c259a8\" style=\"font-style:normal;font-weight:700\">A t e n t a m e n t e<\/p>\n\n\n\n<p class=\"has-text-align-center has-black-color has-text-color has-link-color wp-elements-c1deeb4e1a20e41a5cf490b47bb33598\" style=\"font-style:normal;font-weight:700\">\u201cPor mi raza hablar\u00e1 el esp\u00edritu\u201d<\/p>\n\n\n\n<p class=\"has-text-align-center has-black-color has-text-color has-link-color wp-elements-cde1b75f5c88b5e631b49bb52552a713\" style=\"font-style:normal;font-weight:700\">EL DIRECTOR GENERAL<\/p>\n\n\n\n<p class=\"has-text-align-center has-black-color has-text-color has-link-color wp-elements-2ee7ec31f28d8e2d037793bdb827f8f3\" style=\"font-style:normal;font-weight:700\">JACOBO DAY\u00c1N ASKENAZI<\/p>\n\n\n\n<div id=\"section-ga603e9\" class=\"wp-block-gutentor-e6 section-ga603e9 gutentor-element gutentor-element-image\"><div class=\"gutentor-element-image-box\"><div class=\"gutentor-image-thumb\"><img decoding=\"async\" class=\"normal-image\" src=\"https:\/\/tlatelolcounam.mx\/uva\/wp-content\/uploads\/2024\/01\/Convocatoria-Espacio-Vacio_Espacio-Vacio-scaled.jpg\"\/><\/div><\/div><\/div>\n<\/div><\/div>\n","protected":false},"excerpt":{"rendered":"<p>La Universidad Nacional Aut\u00f3noma de M\u00e9xico, a trav\u00e9s del Centro Cultural Universitario Tlatelolco y de la Unidad de Vinculaci\u00f3n Art\u00edstica UVA convoca a profesionales de las artes para integrar la programaci\u00f3n del Espacio vac\u00edo de la UVA, durante el 2024.<\/p>\n","protected":false},"author":2,"featured_media":4483,"comment_status":"closed","ping_status":"open","sticky":false,"template":"","format":"standard","meta":{"footnotes":""},"categories":[86],"tags":[],"class_list":["post-4468","post","type-post","status-publish","format-standard","has-post-thumbnail","hentry","category-espacio-vacio-2","odd"],"gutentor_comment":0,"_links":{"self":[{"href":"https:\/\/tlatelolcounam.mx\/uva\/wp-json\/wp\/v2\/posts\/4468","targetHints":{"allow":["GET"]}}],"collection":[{"href":"https:\/\/tlatelolcounam.mx\/uva\/wp-json\/wp\/v2\/posts"}],"about":[{"href":"https:\/\/tlatelolcounam.mx\/uva\/wp-json\/wp\/v2\/types\/post"}],"author":[{"embeddable":true,"href":"https:\/\/tlatelolcounam.mx\/uva\/wp-json\/wp\/v2\/users\/2"}],"replies":[{"embeddable":true,"href":"https:\/\/tlatelolcounam.mx\/uva\/wp-json\/wp\/v2\/comments?post=4468"}],"version-history":[{"count":10,"href":"https:\/\/tlatelolcounam.mx\/uva\/wp-json\/wp\/v2\/posts\/4468\/revisions"}],"predecessor-version":[{"id":4822,"href":"https:\/\/tlatelolcounam.mx\/uva\/wp-json\/wp\/v2\/posts\/4468\/revisions\/4822"}],"wp:featuredmedia":[{"embeddable":true,"href":"https:\/\/tlatelolcounam.mx\/uva\/wp-json\/wp\/v2\/media\/4483"}],"wp:attachment":[{"href":"https:\/\/tlatelolcounam.mx\/uva\/wp-json\/wp\/v2\/media?parent=4468"}],"wp:term":[{"taxonomy":"category","embeddable":true,"href":"https:\/\/tlatelolcounam.mx\/uva\/wp-json\/wp\/v2\/categories?post=4468"},{"taxonomy":"post_tag","embeddable":true,"href":"https:\/\/tlatelolcounam.mx\/uva\/wp-json\/wp\/v2\/tags?post=4468"}],"curies":[{"name":"wp","href":"https:\/\/api.w.org\/{rel}","templated":true}]}}