{"id":2718,"date":"2022-06-06T00:35:06","date_gmt":"2022-06-06T00:35:06","guid":{"rendered":"https:\/\/tlatelolcounam.mx\/uva\/?p=2718"},"modified":"2022-06-06T00:48:16","modified_gmt":"2022-06-06T00:48:16","slug":"bailes-de-salon-ciclo-23-jornadas-de-cierre","status":"publish","type":"post","link":"https:\/\/tlatelolcounam.mx\/uva\/bailes-de-salon-ciclo-23-jornadas-de-cierre\/","title":{"rendered":"Bailes de sal\u00f3n \/ Ciclo 23 \/ Jornadas de Cierre"},"content":{"rendered":"\n<p><img loading=\"lazy\" decoding=\"async\" width=\"589\" height=\"286\" src=\"https:\/\/lh3.googleusercontent.com\/dsmjKKNfnP75eMXrgIPfJPQxnxJBQ1X2CPjsYDGA_01jRRyj6j6l8OhH8STtfpL6OIjMCEYucc_RUnf97OXP3hokYqYGkj9F_fGCxZE4rQLehDRoHNglIC1Ac9ABXt139V6Y_a9oS-SUvwRJ-A\"><\/p>\n\n\n\n<p><img loading=\"lazy\" decoding=\"async\" width=\"720\" height=\"540\" alt=\"C:\\Users\\DAN\\Desktop\\Mary 2.jpeg\" src=\"https:\/\/lh5.googleusercontent.com\/2xVekGU4TgUdaJElsdYUHE2TBQDY7qr353MEgyyequy3MAK2qpf4hjulsLtbCfJDWBI-i7trKtjW0_T86AfqbSii6B7h5es13aMRSa51PueYDSHfF_E5thWCk5dmvoDVAkBc2awhusG-kzn7jw\"><\/p>\n\n\n\n<p>Mara Socorro Rebollo Carrillo<\/p>\n\n\n\n<p>Emociones y Pensamientos<\/p>\n\n\n\n<p>Para m\u00ed la danza permite comunicar nuestras emociones a trav\u00e9s de diversos ritmos musicales. Ayuda a construir fuerza corporal y fortaleza emocional. Invita a conocer un cuerpo vivo y en movimiento capaz de generar un di\u00e1logo consigo y con otros entre el paso, la melod\u00eda o el silencio.<\/p>\n\n\n\n<p>Tomar la clase me ayuda a cerrar con mi espacio rutinario de actividades acad\u00e9micas y laborales y disfrutar de una actividad creativa y relajante. Gracias a las indicaciones del maestro pude percibir que la expresi\u00f3n de mis hombros suele ser tensa y elevada lo cual me invita a pensar en \u00bfCu\u00e1l es el origen de esa manifestaci\u00f3n?<\/p>\n\n\n\n<p>Citando una canci\u00f3n&#8230;<\/p>\n\n\n\n<p>Bailabas, te divert\u00edas.<\/p>\n\n\n\n<p>Bailabas te conectabas<\/p>\n\n\n\n<p>A lo que no conoc\u00edas<\/p>\n\n\n\n<p>En lo que en ti ya estaba<\/p>\n\n\n\n<p>Bailando me distend\u00ed<\/p>\n\n\n\n<p>Bailando me desahogu\u00e9<\/p>\n\n\n\n<p>Bailando me desprend\u00ed, de lo que no me sirve.<\/p>\n\n\n\n<p><em>Pedro Pastor y Los locos descalzos<\/em><\/p>\n\n\n\n<p>Agradecimiento<\/p>\n\n\n\n<p>Gracias al Mtro. Daniel, por su paciencia, entrega, esmero, dedicaci\u00f3n y alegr\u00eda en cada clase. Por corregir a trayectoria en danza en cuanto a postura, marcaje, expresi\u00f3n y otros. Por la escucha activa y constante de las alumnas. Por compartir y acompa\u00f1ar la clase con su experiencia y diversos elementos socio culturales. A la UVA por el encuentro con \u00e9l y las compa\u00f1eras y por la posibilidad de crear un espacio a distancia, pero en cercan\u00eda y compa\u00f1\u00eda.<\/p>\n\n\n\n<p><img loading=\"lazy\" decoding=\"async\" width=\"705\" height=\"940\" alt=\"C:\\Users\\DAN\\Desktop\\Mara 2.jpeg\" src=\"https:\/\/lh3.googleusercontent.com\/bkrsh7WyRl8_bppEyBGRR6OZjaLuy0gUEwwzsCeILsYA232aVsKQE31zfWKe6Gsr-vgLLO6DPfNCP_LCHVyjBRswrIxEjq2_npUGV8Z0y0ZRdJDMMAxylakstXYbvKVeqtWPkDe7ZPDRxumlaA\"><\/p>\n\n\n\n<p><img loading=\"lazy\" decoding=\"async\" width=\"720\" height=\"431\" src=\"https:\/\/lh3.googleusercontent.com\/CnjpCGropprwX9lFlc9B1uXJjBoC74K9l7OxbKqRNqKBUY0SGkW8WJgppLISgTCMO9QlEZMhWGeo8CV-i6GvoLIHLjMnfXfm68z9Eq0HQ3UNjTbfWzSBB9pqwf_iothtJPINjIwibPeo0_5Ajg\"><\/p>\n\n\n\n<p><img loading=\"lazy\" decoding=\"async\" width=\"577\" height=\"892\" src=\"https:\/\/lh3.googleusercontent.com\/vS-uFA2r_2UlqMaJanwBXZixKdnBiZI5MGyaNxZhFZPPX5PUuxag9ZJYZ3vAk2egzNmdrUtQS-teek-5a6BFrozKGpWIn2m5u3Ce1Ste77PUu_-VXkWWrOzGv_s4eG82cF_oJybu6ivF347UMg\"><\/p>\n\n\n\n<p>LUZ EDITH MARTINEZ GONZALEZ.<\/p>\n\n\n\n<p>Tengo la oportunidad de participar en el Taller Bailes de Sal\u00f3n, en el cual me ha permitido recocer mis fortalezas, debilidades, liberar la tensi\u00f3n, cambio de mi rutina, me ha generado bienestar, confianza en m\u00ed, as\u00ed como practicar nuevos ritmos.<\/p>\n\n\n\n<p>GRACIAS Maestro Daniel, por su profesionalismo, alegr\u00eda, paciencia, dedicaci\u00f3n, y compartir con nosotras su pasi\u00f3n que es BAILAR.<\/p>\n\n\n\n<p><img loading=\"lazy\" decoding=\"async\" width=\"519\" height=\"890\" src=\"https:\/\/lh6.googleusercontent.com\/UbATNQZhdsKyrC9gHRCJNqzAdlkK4hgr3WCZOnAklJhLeJOcjR3oN0n-ejb61gfWwKNOQC631C28PygjjANt2U7J2T9QE87Gi9-rgnspNfvZI3f1xmVo3yO35WGAXqKprWu2fdDzHvbhypROzA\"><\/p>\n\n\n\n<p>Mar\u00eda de los \u00c1ngeles D\u00edaz Vel\u00e1zquez<\/p>\n\n\n\n<p>\u00a1Diversi\u00f3n, conocimiento y buena vibra!<\/p>\n\n\n\n<p>Ha sido una experiencia gratificante tomar clase a distancia, se olvida uno de preocupaciones y sin sabores que ha dejado la pandemia.<\/p>\n\n\n\n<p>Gracias profesor por tu alegr\u00eda, inclusi\u00f3n y por supuesto por el conocimiento compartido; sin lugar a dudas uno de mis mejores profesores que he tenido.<\/p>\n\n\n\n<p>\u00a1Mis pasos se los dedico a todos aquellos \u00e1ngeles que no volver\u00e1n a pisar un aula, un escenario, y qu\u00e9 seguramente en donde est\u00e9n seguir\u00e1n expres\u00e1ndose con ritmo y sabor!<\/p>\n\n\n\n<p><img loading=\"lazy\" decoding=\"async\" width=\"612\" height=\"792\" src=\"https:\/\/lh5.googleusercontent.com\/N_I7Z9If25fD97DOD3JWjz03fgL2qy0CujQxtm3Y25C1S1oHfQuqAOIaQhcUGLyLBVkni4p1MZE_hb6CB-DgZRrryHx42Msx2jD_Q7btp6v7rRj-LOXXJ-lfN5wQELcdQMJaBS2F4pr2dKV8Cg\"><\/p>\n\n\n\n<p>Lucia Moreno<\/p>\n\n\n\n<p>El baile como posibilidad de ser feliz y de encontrarme con el otro o contigo mismo al sentirte due\u00f1o de tu cuerpo y con ganas de vivir; la m\u00fasica, el ambiente festivo y las m\u00faltiples posibilidades de expresarte. La m\u00fasica disco de los setentas me conecta con mi formaci\u00f3n como docente; a la hora que fuera, en cualquier circunstancia practic\u00e1bamos los pasos de la m\u00fasica disco de la \u00e9poca.<\/p>\n\n\n\n<p>La cumbia me conecta m\u00e1s bien con mi ni\u00f1ez y las celebraciones de la comunidad escuchando la cumbia barulera. Por \u00faltimo considero que sin importar la edad, el vestuario ni la circunstancia, si te presentas con un abanico ya dejas ver que intentas bailar danz\u00f3n.<\/p>\n\n\n\n<p>Gracias a la magistral orientaci\u00f3n de Daniel Jaime, coordinador del taller Bailes de sal\u00f3n, desarrollamos movimientos arm\u00f3nicos y nos brinda informaci\u00f3n que enriquece nuestro recreo habitual los martes y jueves.Gracias Daniel, a ti como maestro y a la UVA que lo hace posible, gracias.&nbsp;<\/p>\n\n\n\n<p>Digamos junto con Voltaire: &#8220;D\u00e9jenos leer y bailar, estas dos diversiones nunca har\u00e1n ning\u00fan da\u00f1o al mundo&#8221;.<\/p>\n\n\n\n<p><img loading=\"lazy\" decoding=\"async\" width=\"419\" height=\"912\" alt=\"https:\/\/lh6.googleusercontent.com\/BuKIImQQTkueMORXdChQMDW7f6czqyINuswCeAYC6tc-f_MkWQdSuC-iU-mgHlRBWd9XT891ywvKaZC3s4yE1e98i-_zF7uLLK5Fvt4MplRMEm-1pArG8hoPKbFt8berwCkVonkDqL5FNaNdPw\" src=\"https:\/\/lh5.googleusercontent.com\/xaCOx2PN_uwVkCKov6-2zZnQVzfHPEWNXMwxbTNmG6MLUBpAstWIImtr9KoHLVJgblU1ba-QFG-bTkJrZjxDKgiTbtvbMptmI5FHRYaEmYszxg9zAqVLqPlmVwcTI-ycKhD-LAUUuOf5jfwVpg\"><\/p>\n\n\n\n<p><\/p>\n","protected":false},"excerpt":{"rendered":"<p>Mara Socorro Rebollo Carrillo Emociones y Pensamientos Para m\u00ed la danza permite comunicar nuestras emociones a trav\u00e9s de diversos ritmos&nbsp;<a href=\"https:\/\/tlatelolcounam.mx\/uva\/bailes-de-salon-ciclo-23-jornadas-de-cierre\/\">&hellip;<\/a><\/p>\n","protected":false},"author":2,"featured_media":2720,"comment_status":"open","ping_status":"open","sticky":true,"template":"","format":"standard","meta":{"footnotes":""},"categories":[34],"tags":[],"class_list":["post-2718","post","type-post","status-publish","format-standard","has-post-thumbnail","hentry","category-jornadas-de-cierre-21","odd"],"gutentor_comment":0,"_links":{"self":[{"href":"https:\/\/tlatelolcounam.mx\/uva\/wp-json\/wp\/v2\/posts\/2718","targetHints":{"allow":["GET"]}}],"collection":[{"href":"https:\/\/tlatelolcounam.mx\/uva\/wp-json\/wp\/v2\/posts"}],"about":[{"href":"https:\/\/tlatelolcounam.mx\/uva\/wp-json\/wp\/v2\/types\/post"}],"author":[{"embeddable":true,"href":"https:\/\/tlatelolcounam.mx\/uva\/wp-json\/wp\/v2\/users\/2"}],"replies":[{"embeddable":true,"href":"https:\/\/tlatelolcounam.mx\/uva\/wp-json\/wp\/v2\/comments?post=2718"}],"version-history":[{"count":1,"href":"https:\/\/tlatelolcounam.mx\/uva\/wp-json\/wp\/v2\/posts\/2718\/revisions"}],"predecessor-version":[{"id":2719,"href":"https:\/\/tlatelolcounam.mx\/uva\/wp-json\/wp\/v2\/posts\/2718\/revisions\/2719"}],"wp:featuredmedia":[{"embeddable":true,"href":"https:\/\/tlatelolcounam.mx\/uva\/wp-json\/wp\/v2\/media\/2720"}],"wp:attachment":[{"href":"https:\/\/tlatelolcounam.mx\/uva\/wp-json\/wp\/v2\/media?parent=2718"}],"wp:term":[{"taxonomy":"category","embeddable":true,"href":"https:\/\/tlatelolcounam.mx\/uva\/wp-json\/wp\/v2\/categories?post=2718"},{"taxonomy":"post_tag","embeddable":true,"href":"https:\/\/tlatelolcounam.mx\/uva\/wp-json\/wp\/v2\/tags?post=2718"}],"curies":[{"name":"wp","href":"https:\/\/api.w.org\/{rel}","templated":true}]}}