{"id":1839,"date":"2021-12-14T07:41:19","date_gmt":"2021-12-14T07:41:19","guid":{"rendered":"https:\/\/tlatelolcounam.mx\/uva\/?p=1839"},"modified":"2021-12-15T02:45:07","modified_gmt":"2021-12-15T02:45:07","slug":"transmisiones-virtuales","status":"publish","type":"post","link":"https:\/\/tlatelolcounam.mx\/uva\/transmisiones-virtuales\/","title":{"rendered":"Transmisiones virtuales"},"content":{"rendered":"\n<p><\/p>\n\n\n\n<p>Gracias a las plataformas digitales, nuestras actividades han alcanzado personas en diferentes lugares del mundo. Con el tiempo, aprendimos nuevas herramientas, mejoramos nuestras habilidades comunicativas y conocimos personas brillantes y generosas dispuestas a compartir su conocimiento. \u00a1As\u00f3mate a nuestras listas de reproducci\u00f3n!<\/p>\n\n\n\n<p><\/p>\n\n\n\n<p><\/p>\n\n\n\n<section id=\"section-d2843e07-12e0-459e-890b-165302a82a30\" class=\"wp-block-gutentor-image-box gutentor-section gutentor-image-wrapper imagebox-template1\"><div class=\"grid-container\"><div class=\"gutentor-block-header\"><div class=\"gutentor-section-title enable-title-design seperator-bottom text-center\"><h2 class=\"gutentor-title\"><\/h2><\/div><\/div><div class=\"grid-row gutentor-grid-item-wrap\"><div class=\"gutentor-grid-column grid-lg-4 grid-md-4 grid-12\"><div class=\"gutentor-single-item gutentor-image gutentor-single-item-0\"><div class=\"gutentor-single-item-wrap\"><div class=\"gutentor-single-item-image-box\"><div class=\"gutentor-image-thumb\"><img decoding=\"async\" class=\"normal-image\" src=\"https:\/\/tlatelolcounam.mx\/uva\/wp-content\/uploads\/2021\/12\/Libros-que-abrazan.-Bebeteca.jpg\" alt=\"\"\/><\/div><\/div><div class=\"gutentor-single-item-content\"><h3 class=\"gutentor-single-item-title\"><a href=\"https:\/\/www.facebook.com\/watch\/144266135611645\/959824384504479\" data-type=\"URL\" data-id=\"https:\/\/www.facebook.com\/watch\/144266135611645\/959824384504479\" target=\"_blank\" rel=\"noreferrer noopener\">Libros que abrazan<\/a><\/h3><p class=\"gutentor-single-item-desc\">Viernes de Bebeteca, donde mam\u00e1s, pap\u00e1s y sus beb\u00e9s pueden explorar libros y canciones en un ambiente afectuoso y l\u00fadico. #LibrosQueAbrazan<\/p><\/div><\/div><\/div><\/div><div class=\"gutentor-grid-column grid-lg-4 grid-md-4 grid-12\"><div class=\"gutentor-single-item gutentor-image gutentor-single-item-1\"><div class=\"gutentor-single-item-wrap\"><div class=\"gutentor-single-item-image-box\"><div class=\"gutentor-image-thumb\"><img decoding=\"async\" class=\"normal-image\" src=\"https:\/\/tlatelolcounam.mx\/uva\/wp-content\/uploads\/2021\/12\/Frida-Gaultier-scaled.jpg\" alt=\"\"\/><\/div><\/div><div class=\"gutentor-single-item-content\"><h3 class=\"gutentor-single-item-title\"><a href=\"https:\/\/www.facebook.com\/watch\/144266135611645\/2718850371761972\" data-type=\"URL\" data-id=\"https:\/\/www.facebook.com\/watch\/144266135611645\/2718850371761972\" target=\"_blank\" rel=\"noreferrer noopener\">Disidencias y resistencias LGBTTTQIA+<\/a><\/h3><p class=\"gutentor-single-item-desc\">Actividades relacionadas con las disidencias sexogen\u00e9ricas, sus luchas y propuestas pedag\u00f3gicas: #EntreLibrosyReinas (lectura drag de libros LGBTQIA para ni\u00f1xs), eventos especiales y #Ala\u00eddeRecomienda.<\/p><\/div><\/div><\/div><\/div><div class=\"gutentor-grid-column grid-lg-4 grid-md-4 grid-12\"><div class=\"gutentor-single-item gutentor-image gutentor-single-item-2\"><div class=\"gutentor-single-item-wrap\"><div class=\"gutentor-single-item-image-box\"><div class=\"gutentor-image-thumb\"><img decoding=\"async\" class=\"normal-image\" src=\"https:\/\/tlatelolcounam.mx\/uva\/wp-content\/uploads\/2021\/12\/IMG-20200222-WA0005.jpg\" alt=\"\"\/><\/div><\/div><div class=\"gutentor-single-item-content\"><h3 class=\"gutentor-single-item-title\"><a href=\"https:\/\/www.facebook.com\/watch\/144266135611645\/786174302055358\" target=\"_blank\" rel=\"noreferrer noopener\">Narrativas gr\u00e1ficas<\/a><\/h3><p class=\"gutentor-single-item-desc\">Recomendaciones y an\u00e1lisis de c\u00f3mic, manga, webtoon, fanzine y otros materiales que requieren de una alfabetizaci\u00f3n visual \ud83d\ude09<\/p><\/div><\/div><\/div><\/div><div class=\"gutentor-grid-column grid-lg-4 grid-md-4 grid-12\"><div class=\"gutentor-single-item gutentor-image gutentor-single-item-3\"><div class=\"gutentor-single-item-wrap\"><div class=\"gutentor-single-item-image-box\"><div class=\"gutentor-image-thumb\"><img decoding=\"async\" class=\"normal-image\" src=\"https:\/\/tlatelolcounam.mx\/uva\/wp-content\/uploads\/2021\/12\/K-POP-STORIES.-JUNIO-2021.jpeg\" alt=\"\"\/><\/div><\/div><div class=\"gutentor-single-item-content\"><h3 class=\"gutentor-single-item-title\"><a href=\"https:\/\/www.facebook.com\/watch\/144266135611645\/1056390161490765\" target=\"_blank\" rel=\"noreferrer noopener\">K-Pop Stories<\/a><\/h3><p class=\"gutentor-single-item-desc\">Ya sea en un video, en un disco o en toda una trayectoria, todos los grupos de K-Pop (Pop coreano) tienen una historia que contar. Entonces, \u00bfpor qu\u00e9 no leerlo como si fuera literatura? El objetivo de este c\u00edrculo ser\u00e1 hacerlo a trav\u00e9s de an\u00e1lisis de videos y an\u00e9cdotas, todo de manera colectiva. #KPopStories<\/p><\/div><\/div><\/div><\/div><div class=\"gutentor-grid-column grid-lg-4 grid-md-4 grid-12\"><div class=\"gutentor-single-item gutentor-image gutentor-single-item-4\"><div class=\"gutentor-single-item-wrap\"><div class=\"gutentor-single-item-image-box\"><div class=\"gutentor-image-thumb\"><img decoding=\"async\" class=\"normal-image\" src=\"https:\/\/tlatelolcounam.mx\/uva\/wp-content\/uploads\/2021\/12\/bb5541b1d203719b1fac2c4784301e63.jpg\" alt=\"\"\/><\/div><\/div><div class=\"gutentor-single-item-content\"><h3 class=\"gutentor-single-item-title\"><a href=\"https:\/\/www.facebook.com\/watch\/144266135611645\/288626645528553\" data-type=\"URL\" data-id=\"https:\/\/www.facebook.com\/watch\/144266135611645\/288626645528553\" target=\"_blank\" rel=\"noreferrer noopener\">Libros de Metal<\/a><\/h3><p class=\"gutentor-single-item-desc\">\u00a1Hablemos de metal y literatura! Hay una relaci\u00f3n intr\u00ednseca entre el metal y los libros que merece ser celebrada y discutida con playlists que suenen a todo volumen. #LibrosDeMetal<\/p><\/div><\/div><\/div><\/div><div class=\"gutentor-grid-column grid-lg-4 grid-md-4 grid-12\"><div class=\"gutentor-single-item gutentor-image gutentor-single-item-5\"><div class=\"gutentor-single-item-wrap\"><div class=\"gutentor-single-item-image-box\"><div class=\"gutentor-image-thumb\"><img decoding=\"async\" class=\"normal-image\" src=\"https:\/\/tlatelolcounam.mx\/uva\/wp-content\/uploads\/2021\/12\/0014000-CHAROPLEX_ULTRA_120_MTS-YM-0142C-MODELO_2-2.png\" alt=\"\"\/><\/div><\/div><div class=\"gutentor-single-item-content\"><h3 class=\"gutentor-single-item-title\"><a href=\"https:\/\/www.facebook.com\/watch\/144266135611645\/2781377778783206\" data-type=\"URL\" data-id=\"https:\/\/www.facebook.com\/watch\/144266135611645\/2781377778783206\" target=\"_blank\" rel=\"noreferrer noopener\">Takitos de Lenwa<\/a><\/h3><p class=\"gutentor-single-item-desc\">\u00bfQui\u00e9n dice que no se pueden saborear unos buenos tacos de lengua en la biblioteca? Ac\u00e9rcate y prueba a qu\u00e9 sabe el espa\u00f1ol desde su historia, fonolog\u00eda, morfosintaxis, sem\u00e1ntica y pragm\u00e1tica y c\u00f3mo muchas veces, \u201cdecir mal\u201d las cosas, es m\u00e1s rico.  #TakitosDeLenwa<\/p><\/div><\/div><\/div><\/div><\/div><\/div><\/section>\n\n\n\n<section id=\"section-bb065b37-f871-4dcc-be3b-d5d1541726c5\" class=\"wp-block-gutentor-image-box gutentor-section gutentor-image-wrapper imagebox-template1\"><div class=\"grid-container\"><div class=\"gutentor-block-header\"><div class=\"gutentor-section-title enable-title-design seperator-bottom text-center\"><h2 class=\"gutentor-title\"><\/h2><\/div><\/div><div class=\"grid-row gutentor-grid-item-wrap\"><div class=\"gutentor-grid-column grid-lg-4 grid-md-4 grid-12\"><div class=\"gutentor-single-item gutentor-image gutentor-single-item-0\"><div class=\"gutentor-single-item-wrap\"><div class=\"gutentor-single-item-image-box\"><div class=\"gutentor-image-thumb\"><img decoding=\"async\" class=\"normal-image\" src=\"https:\/\/tlatelolcounam.mx\/uva\/wp-content\/uploads\/2021\/12\/pexels-pixabay-433333-scaled.jpg\" alt=\"\"\/><\/div><\/div><div class=\"gutentor-single-item-content\"><h3 class=\"gutentor-single-item-title\"><a href=\"https:\/\/www.facebook.com\/watch\/144266135611645\/396117211432271\" data-type=\"URL\" data-id=\"https:\/\/www.facebook.com\/watch\/144266135611645\/396117211432271\" target=\"_blank\" rel=\"noreferrer noopener\">Bibliotecas y Cultura de Paz<\/a><\/h3><p class=\"gutentor-single-item-desc\">Se trata de un conjunto de actividades, dirigidas a personas interesadas en la mediaci\u00f3n lectora, para promover perspectivas l\u00fadicas y socialmente comprometidas sobre la palabra, los libros y los p\u00fablicos j\u00f3venes. #FormarLectores #Mediaci\u00f3nSinFronteras #MirarLibritos<\/p><\/div><\/div><\/div><\/div><div class=\"gutentor-grid-column grid-lg-4 grid-md-4 grid-12\"><div class=\"gutentor-single-item gutentor-image gutentor-single-item-1\"><div class=\"gutentor-single-item-wrap\"><div class=\"gutentor-single-item-image-box\"><div class=\"gutentor-image-thumb\"><img decoding=\"async\" class=\"normal-image\" src=\"https:\/\/tlatelolcounam.mx\/uva\/wp-content\/uploads\/2021\/12\/a03n1cul-1.jpg\" alt=\"\"\/><\/div><\/div><div class=\"gutentor-single-item-content\"><h3 class=\"gutentor-single-item-title\"><a href=\"https:\/\/www.facebook.com\/watch\/144266135611645\/799880290791550\" data-type=\"URL\" data-id=\"https:\/\/www.facebook.com\/watch\/144266135611645\/799880290791550\" target=\"_blank\" rel=\"noreferrer noopener\">Ala\u00edde Recomienda<\/a><\/h3><p class=\"gutentor-single-item-desc\">La Biblioteca Ala\u00edde Foppa comparte lecturas amenas para todas las edades y algunos de los t\u00edtulos de su acervo digital, el cual re\u00fane numerosos libros y recursos digitales gratuitos de diversas facultades e institutos de la UNAM. #Ala\u00eddeRecomienda<\/p><\/div><\/div><\/div><\/div><div class=\"gutentor-grid-column grid-lg-4 grid-md-4 grid-12\"><div class=\"gutentor-single-item gutentor-image gutentor-single-item-2\"><div class=\"gutentor-single-item-wrap\"><div class=\"gutentor-single-item-image-box\"><div class=\"gutentor-image-thumb\"><img decoding=\"async\" class=\"normal-image\" src=\"https:\/\/tlatelolcounam.mx\/uva\/wp-content\/uploads\/2021\/12\/pexels-photo-1047442.jpeg\" alt=\"\"\/><\/div><\/div><div class=\"gutentor-single-item-content\"><h3 class=\"gutentor-single-item-title\"><a href=\"https:\/\/www.facebook.com\/watch\/144266135611645\/833081410863259\" data-type=\"URL\" data-id=\"https:\/\/www.facebook.com\/watch\/144266135611645\/833081410863259\" target=\"_blank\" rel=\"noreferrer noopener\">Eventos Especiales<\/a><\/h3><p class=\"gutentor-single-item-desc\">Efem\u00e9rides, cumplea\u00f1os y fiestas literarias con el toque de nuestra Biblioteca. #EventosEspeciales<\/p><\/div><\/div><\/div><\/div><\/div><\/div><\/section>\n","protected":false},"excerpt":{"rendered":"<p>Gracias a las plataformas digitales, nuestras actividades han alcanzado personas en diferentes lugares del mundo. Con el tiempo, aprendimos nuevas&nbsp;<a href=\"https:\/\/tlatelolcounam.mx\/uva\/transmisiones-virtuales\/\">&hellip;<\/a><\/p>\n","protected":false},"author":1,"featured_media":1938,"comment_status":"closed","ping_status":"closed","sticky":false,"template":"","format":"aside","meta":{"footnotes":""},"categories":[36,40],"tags":[],"class_list":["post-1839","post","type-post","status-publish","format-aside","has-post-thumbnail","hentry","category-biblioteca-alaide-foppa","category-repositorio","post_format-post-format-aside","odd"],"gutentor_comment":0,"_links":{"self":[{"href":"https:\/\/tlatelolcounam.mx\/uva\/wp-json\/wp\/v2\/posts\/1839","targetHints":{"allow":["GET"]}}],"collection":[{"href":"https:\/\/tlatelolcounam.mx\/uva\/wp-json\/wp\/v2\/posts"}],"about":[{"href":"https:\/\/tlatelolcounam.mx\/uva\/wp-json\/wp\/v2\/types\/post"}],"author":[{"embeddable":true,"href":"https:\/\/tlatelolcounam.mx\/uva\/wp-json\/wp\/v2\/users\/1"}],"replies":[{"embeddable":true,"href":"https:\/\/tlatelolcounam.mx\/uva\/wp-json\/wp\/v2\/comments?post=1839"}],"version-history":[{"count":12,"href":"https:\/\/tlatelolcounam.mx\/uva\/wp-json\/wp\/v2\/posts\/1839\/revisions"}],"predecessor-version":[{"id":1976,"href":"https:\/\/tlatelolcounam.mx\/uva\/wp-json\/wp\/v2\/posts\/1839\/revisions\/1976"}],"wp:featuredmedia":[{"embeddable":true,"href":"https:\/\/tlatelolcounam.mx\/uva\/wp-json\/wp\/v2\/media\/1938"}],"wp:attachment":[{"href":"https:\/\/tlatelolcounam.mx\/uva\/wp-json\/wp\/v2\/media?parent=1839"}],"wp:term":[{"taxonomy":"category","embeddable":true,"href":"https:\/\/tlatelolcounam.mx\/uva\/wp-json\/wp\/v2\/categories?post=1839"},{"taxonomy":"post_tag","embeddable":true,"href":"https:\/\/tlatelolcounam.mx\/uva\/wp-json\/wp\/v2\/tags?post=1839"}],"curies":[{"name":"wp","href":"https:\/\/api.w.org\/{rel}","templated":true}]}}