{"id":1800,"date":"2021-12-05T00:44:46","date_gmt":"2021-12-05T00:44:46","guid":{"rendered":"https:\/\/tlatelolcounam.mx\/uva\/?p=1800"},"modified":"2021-12-05T00:44:47","modified_gmt":"2021-12-05T00:44:47","slug":"bordatopias-taller-de-bordado-y-collage-textil-jornadas-de-cierre-ciclo-22","status":"publish","type":"post","link":"https:\/\/tlatelolcounam.mx\/uva\/bordatopias-taller-de-bordado-y-collage-textil-jornadas-de-cierre-ciclo-22\/","title":{"rendered":"Bordatop\u00edas: Taller de bordado y collage textil \/ Jornadas de Cierre \/ Ciclo 22"},"content":{"rendered":"\n<p><strong>Maestra: Lorena Flores<\/strong><\/p>\n\n\n\n<p>El bordado contempor\u00e1neo no solo es una actividad m\u00e1gica y hermosa, es tambi\u00e9n una herramienta de lucha y un medio de expresi\u00f3n, algunos la usamos como terapia y refugio hasta que nos transformamos en mariposas brillantes y es el pretexto perfecto para reunirnos a compartir, aprender, escuchar y crear en colectivo.&nbsp;&nbsp;<\/p>\n\n\n\n<p>En la Unidad de Vinculaci\u00f3n Art\u00edstica UVA en el CCU Tlatelolco estamos muy conscientes y emocionados por la potencia y energ\u00eda que el bordado ha tra\u00eddo a nuestra comunidad, que, gracias a la tecnolog\u00eda, los hilos y el contexto pand\u00e9mico que seguimos viviendo la UVA ha expandido sus fronteras y espacios hasta otros estados de la rep\u00fablica y a otros pa\u00edses del mundo, lo que nos ha permitido aprender m\u00e1s que nunca que juntos podemos hacer cambiar las cosas.&nbsp;<\/p>\n\n\n\n<p>Durante el taller de Bordatop\u00edas aprendimos puntadas b\u00e1sicas, de relieve y en 3d de bordado contempor\u00e1neo con el objetivo de aplicarlas en una pieza de collage textil, reutilizando materiales y combinando distintas t\u00e9cnicas de arte en un resultado final, complementamos con contenidos te\u00f3ricos que iban desde problem\u00e1ticas socio ambientales hasta un repaso hist\u00f3rico sobre el bordado y c\u00f3mo esta actividad manual ha ido cambiando y transform\u00e1ndose durante de los procesos y hechos que han marcado la historia de la humanidad especialmente en Am\u00e9rica Latina.&nbsp;<\/p>\n\n\n\n<p>Lo que ha dado como resultado un cat\u00e1logo de bordados impresionantes y emocionales hechos completamente a mano por cada una de las y los alumnos que fueron parte de este proceso del ciclo 22 de la UVA, los hemos dividido en 3 bloques que nombramos gracias a los procesos que fueron fluyendo durante todas y cada una de las sesiones de Bordatop\u00edas.<\/p>\n\n\n\n<p class=\"has-text-align-center\"><strong>Comunidad<\/strong><\/p>\n\n\n\n<p>El objetivo de la UVA siempre ha sido crear comunidad no solo con los y las habitantes de Tlatelolco y la CDMX, las sesiones en l\u00ednea nos han permitido abrir las fronteras a nuestra comunidad, tal es el caso de Juanita desde Reynosa, Tamaulipas y Guadalupe desde San Mateo Atenco en el EDOMEX pudieron compartir con nosotros sus procesos, tropiezos, experiencias personales y avances en el bordado de sus piezas finales.\u00a0<\/p>\n\n\n\n<section id=\"section-ea47c393-b2ed-4ef7-b891-909144a43611\" class=\"wp-block-gutentor-image-box gutentor-section gutentor-image-wrapper imagebox-template1\"><div class=\"grid-container\"><div class=\"gutentor-block-header\"><div class=\"gutentor-section-title enable-title-design seperator-bottom text-center\"><h2 class=\"gutentor-title\"><\/h2><\/div><\/div><div class=\"grid-row gutentor-grid-item-wrap\"><div class=\"gutentor-grid-column grid-lg-4 grid-md-4 grid-12\"><div class=\"gutentor-single-item gutentor-image gutentor-single-item-0\"><div class=\"gutentor-single-item-wrap\"><div class=\"gutentor-single-item-image-box\"><div class=\"gutentor-image-thumb\"><img decoding=\"async\" class=\"normal-image\" src=\"https:\/\/tlatelolcounam.mx\/uva\/wp-content\/uploads\/2021\/12\/guadalupe.jpeg\" alt=\"\"\/><\/div><\/div><div class=\"gutentor-single-item-content\"><h3 class=\"gutentor-single-item-title\">Guadalupe Cabrera<\/h3><p class=\"gutentor-single-item-desc\">San Mateo Atenco, EDOMEX.<br><br>Decid\u00ed bordar a Frida Kahlo pensando en regalarle este bordado a mi nieta, utilic\u00e9 todo lo que ten\u00eda al alcance en casa, fieltro, hilos de diferentes tipo, popotillo y canutillos, adem\u00e1s le di un \u00faltimo toque con pintura.\u00a0<br><\/p><\/div><\/div><\/div><\/div><div class=\"gutentor-grid-column grid-lg-4 grid-md-4 grid-12\"><div class=\"gutentor-single-item gutentor-image gutentor-single-item-1\"><div class=\"gutentor-single-item-wrap\"><div class=\"gutentor-single-item-image-box\"><div class=\"gutentor-image-thumb\"><img decoding=\"async\" class=\"normal-image\" src=\"https:\/\/tlatelolcounam.mx\/uva\/wp-content\/uploads\/2021\/12\/juanita-1.jpeg\" alt=\"\"\/><\/div><\/div><div class=\"gutentor-single-item-content\"><h3 class=\"gutentor-single-item-title\">Juanita Faride Barrios<\/h3><p class=\"gutentor-single-item-desc\">Reynosa, Tamaulipas.<br>Mi bordado representa la uni\u00f3n de mi hijo, esposo y yo que unidos disfrutamos de la vida y de cada momento juntos.\u00a0<br><\/p><\/div><\/div><\/div><\/div><div class=\"gutentor-grid-column grid-lg-4 grid-md-4 grid-12\"><div class=\"gutentor-single-item gutentor-image gutentor-single-item-2\"><div class=\"gutentor-single-item-wrap\"><div class=\"gutentor-single-item-image-box\"><div class=\"gutentor-image-thumb\"><img decoding=\"async\" class=\"normal-image\" src=\"https:\/\/tlatelolcounam.mx\/uva\/wp-content\/uploads\/2021\/12\/juanita-2.jpeg\" alt=\"\"\/><\/div><\/div><div class=\"gutentor-single-item-content\"><h3 class=\"gutentor-single-item-title\">Juanita Faride Barrios<\/h3><p class=\"gutentor-single-item-desc\">Reynosa, Tamaulipas.<br><br><\/p><\/div><\/div><\/div><\/div><\/div><\/div><\/section>\n\n\n\n<p class=\"has-text-align-center\"><strong>Identidad\u00a0<\/strong><\/p>\n\n\n\n<p>La ropa, los textiles, colores y accesorios nos dan identidad. Intervenimos nuestros soportes para crear espacios seguros donde estemos c\u00f3modas y c\u00f3modos con lo que nos rodea. El bordado tambi\u00e9n es identidad, el bordado es un soporte de memoria que le contar\u00e1 a los futuros espectadores qui\u00e9nes somos, qu\u00e9 quer\u00edamos y porqu\u00e9 luch\u00e1bamos.<\/p>\n\n\n\n<section id=\"section-fa872816-e833-4e47-bbae-d9659ff45ce3\" class=\"wp-block-gutentor-image-box gutentor-section gutentor-image-wrapper imagebox-template1\"><div class=\"grid-container\"><div class=\"gutentor-block-header\"><div class=\"gutentor-section-title enable-title-design seperator-bottom text-center\"><h2 class=\"gutentor-title\"><\/h2><\/div><\/div><div class=\"grid-row gutentor-grid-item-wrap\"><div class=\"gutentor-grid-column grid-lg-4 grid-md-4 grid-12\"><div class=\"gutentor-single-item gutentor-image gutentor-single-item-0\"><div class=\"gutentor-single-item-wrap\"><div class=\"gutentor-single-item-image-box\"><div class=\"gutentor-image-thumb\"><img decoding=\"async\" class=\"normal-image\" src=\"https:\/\/tlatelolcounam.mx\/uva\/wp-content\/uploads\/2021\/12\/jose-1-scaled.jpg\" alt=\"\"\/><\/div><\/div><div class=\"gutentor-single-item-content\"><h3 class=\"gutentor-single-item-title\">Jos\u00e9 Guerrero<\/h3><p class=\"gutentor-single-item-desc\">Gustavo a Madero, CDMX.<br><\/p><\/div><\/div><\/div><\/div><div class=\"gutentor-grid-column grid-lg-4 grid-md-4 grid-12\"><div class=\"gutentor-single-item gutentor-image gutentor-single-item-1\"><div class=\"gutentor-single-item-wrap\"><div class=\"gutentor-single-item-image-box\"><div class=\"gutentor-image-thumb\"><img decoding=\"async\" class=\"normal-image\" src=\"https:\/\/tlatelolcounam.mx\/uva\/wp-content\/uploads\/2021\/12\/jose-2-scaled.jpg\" alt=\"\"\/><\/div><\/div><div class=\"gutentor-single-item-content\"><h3 class=\"gutentor-single-item-title\">Jos\u00e9 Guerrero<\/h3><p class=\"gutentor-single-item-desc\">Gustavo a Madero, CDMX.<br><\/p><\/div><\/div><\/div><\/div><\/div><\/div><\/section>\n\n\n\n<p>Hacia un tiempo que el bordado comenz\u00f3 a llamarme la atenci\u00f3n por im\u00e1genes que encontraba en Instagram, principalmente por su calidad est\u00e9tica visual, adem\u00e1s de que me hac\u00eda pensar en el bordado como una t\u00e9cnica para la autoproducci\u00f3n de prendas con dise\u00f1os propios para uso personal. Esos fueron los motivos que en inicio me animaron a entra al taller, sin embargo, en el transcurrir de las sesiones, adem\u00e1s de aprender las diferentes puntadas, conoc\u00ed m\u00e1s sobre la potencia del bordado como una forma de arte pol\u00edtico que han usado especialmente mujeres para denunciar violencias y acompa\u00f1arse, lo cual sin duda le da otra dimensi\u00f3n. Personalmente, aunque no siento que me corresponda sumarme a una lucha colectiva desde el bordado, si he alcanzado a encontrar un espacio y lucha personal en relaci\u00f3n con mi salud emocional que el bordado de a poco me ha ayudado a manejar y explorar en estos meses en que me he sentido sumamente vulnerable por diversas razones. En ese sentido es que decid\u00ed realizar una pieza con un dise\u00f1o inspirado en un mapa topogr\u00e1fico, con la intenci\u00f3n de representar el territorio emocional por el que atravieso, un lugar con valles y crestas, sin rutas trazadas, con paisajes conocidos y bellos a la vez que desconocidos e intimidantes. A\u00fan no comienzo a bordar el dise\u00f1o y apenas estoy decidiendo la paleta de colores, pero conf\u00edo en que los hilos y la aguja me acompa\u00f1en como ya lo han hecho en cada sesi\u00f3n a atravesar y reconocer ese territorio.<strong> Jos\u00e9 Guerrero.<\/strong>\u00a0<\/p>\n\n\n\n<section id=\"section-f965de0e-587b-4a11-9244-515fac93efa1\" class=\"wp-block-gutentor-image-box gutentor-section gutentor-image-wrapper imagebox-template1\"><div class=\"grid-container\"><div class=\"gutentor-block-header\"><div class=\"gutentor-section-title enable-title-design seperator-bottom text-center\"><h2 class=\"gutentor-title\"><\/h2><\/div><\/div><div class=\"grid-row gutentor-grid-item-wrap\"><div class=\"gutentor-grid-column grid-lg-4 grid-md-4 grid-12\"><div class=\"gutentor-single-item gutentor-image gutentor-single-item-0\"><div class=\"gutentor-single-item-wrap\"><div class=\"gutentor-single-item-image-box\"><div class=\"gutentor-image-thumb\"><img decoding=\"async\" class=\"normal-image\" src=\"https:\/\/tlatelolcounam.mx\/uva\/wp-content\/uploads\/2021\/12\/eduardo-1-scaled.jpg\" alt=\"\"\/><\/div><\/div><div class=\"gutentor-single-item-content\"><h3 class=\"gutentor-single-item-title\">Eduardo Flores Soto<\/h3><p class=\"gutentor-single-item-desc\"><\/p><\/div><\/div><\/div><\/div><div class=\"gutentor-grid-column grid-lg-4 grid-md-4 grid-12\"><div class=\"gutentor-single-item gutentor-image gutentor-single-item-1\"><div class=\"gutentor-single-item-wrap\"><div class=\"gutentor-single-item-image-box\"><div class=\"gutentor-image-thumb\"><img decoding=\"async\" class=\"normal-image\" src=\"https:\/\/tlatelolcounam.mx\/uva\/wp-content\/uploads\/2021\/12\/eduardo-3-1-scaled.jpg\" alt=\"\"\/><\/div><\/div><div class=\"gutentor-single-item-content\"><h3 class=\"gutentor-single-item-title\">Eduardo Flores Soto<\/h3><p class=\"gutentor-single-item-desc\"><\/p><\/div><\/div><\/div><\/div><\/div><\/div><\/section>\n\n\n\n<p>Tom\u00e9 este curso-taller porque quise explorar la t\u00e9cnica del bordado por las analog\u00edas que logro identificar con mi trabajo pl\u00e1stico. Quise conocer primero c\u00f3mo pod\u00eda ir delineando con un hilo lo que yo he hecho con l\u00e1pices y pinceles. Adem\u00e1s de conocer una nueva t\u00e9cnica, me parecieron muy interesantes los instrumentos: solo una aguja e hilos de colores de diferente grosor, el soporte no me era ajeno, yo he usado telas distintas y dem\u00e1s soportes.&nbsp;<\/p>\n\n\n\n<p>Por fin comenzamos a conocer la forma de dar las primeras puntadas. En la medida en que clavaba la aguja sobre una tela estirada sobre un bastidor, pod\u00eda ver c\u00f3mo una corriente de hilo emergente atravesaba la tela y la magia se presenta en el siguiente momento, cuando se da una zancada y el hilo invade la superficie de la tela. Es entonces cuando aparece una l\u00ednea literalmente dibujada con una textura, como pintura tridimensional, seca y ligada a la trama de los hilos de la tela.&nbsp;<\/p>\n\n\n\n<p>As\u00ed estos primeros pasos cumplieron mis expectativas, y se cumpl\u00eda mi intuici\u00f3n de dibujar con hilos. Con forme iba practicando m\u00e1s puntadas fui entendiendo la l\u00f3gica del espacio del bordado, de modo que me parec\u00eda que cada puntada equivaldr\u00eda a una forma de pincelada o una forma gr\u00e1fica. El tipo de trabajo pl\u00e1stico que realizo ha sido principalmente un tipo de dibujo y pintura lineal, de modo que mis patrones y formas repetidas a veces parecieran fractales. Cuando he visto los bordados de la clase y la manera en que hemos abordado los ejercicios en el taller, me queda claro que esta t\u00e9cnica es para m\u00ed una excelente variante de trabajo pl\u00e1stico, que me permitir\u00e1 explorar las tramas, nudos y secuencias con hilos de colores, para alcanzar las formas que nos remiten siempre a la naturaleza y su estructura.<\/p>\n\n\n\n<p>En cuanto a los conceptos del taller bordatop\u00edas, me interes\u00f3 mucho el enfoque que le da la maestra Lorena Flores, ya que el espacio de la tela o cualquier otra superficie bordada, es una alternativa para expresar las ideas que propicien el pensar, el sentir de nuestra \u00e9poca, con sus problemas o sus expresiones. Se abre as\u00ed una est\u00e9tica art\u00edstica del bordado que asciende a las utop\u00edas, liber\u00e1ndose de su sola dimensi\u00f3n artesanal y de expresi\u00f3n est\u00e9tica tradicional, incluso para registrar las distopias de la sociedad. <strong>Eduardo Flores Soto<\/strong><\/p>\n\n\n\n<p class=\"has-text-align-center\"><strong>\u00a0<\/strong><\/p>\n\n\n\n<p class=\"has-text-align-center\"><strong>Resistencia<\/strong><\/p>\n\n\n\n<p>En el bordado tambi\u00e9n hay un hilo rojo que conecta a todas las personas que resisten desde sus trincheras y que se arman con tela, hilos y agujas frente a las adversidades, une a las madres que buscan, a ellas, ellos y elles quienes son lxs que gritan y aclaman justicia y une a todas las otredades resisten el abuso y la discriminaci\u00f3n. Entre todos bordamos la utop\u00eda de un mundo mejor, m\u00e1s amoroso, justo, inclusivo y sin violencia.<\/p>\n\n\n\n<section id=\"section-1fc9c8c5-403a-4e1d-9b84-4a712659a303\" class=\"wp-block-gutentor-image-box gutentor-section gutentor-image-wrapper imagebox-template1\"><div class=\"grid-container\"><div class=\"gutentor-block-header\"><div class=\"gutentor-section-title enable-title-design seperator-bottom text-center\"><h2 class=\"gutentor-title\"><\/h2><\/div><\/div><div class=\"grid-row gutentor-grid-item-wrap\"><div class=\"gutentor-grid-column grid-lg-4 grid-md-4 grid-12\"><div class=\"gutentor-single-item gutentor-image gutentor-single-item-0\"><div class=\"gutentor-single-item-wrap\"><div class=\"gutentor-single-item-image-box\"><div class=\"gutentor-image-thumb\"><img decoding=\"async\" class=\"normal-image\" src=\"https:\/\/tlatelolcounam.mx\/uva\/wp-content\/uploads\/2021\/12\/ivon-1.jpeg\" alt=\"\"\/><\/div><\/div><div class=\"gutentor-single-item-content\"><h3 class=\"gutentor-single-item-title\">Ivon P\u00e9rez<\/h3><p class=\"gutentor-single-item-desc\">Tl\u00e1huac, CDMX.<\/p><\/div><\/div><\/div><\/div><div class=\"gutentor-grid-column grid-lg-4 grid-md-4 grid-12\"><div class=\"gutentor-single-item gutentor-image gutentor-single-item-1\"><div class=\"gutentor-single-item-wrap\"><div class=\"gutentor-single-item-image-box\"><div class=\"gutentor-image-thumb\"><img decoding=\"async\" class=\"normal-image\" src=\"https:\/\/tlatelolcounam.mx\/uva\/wp-content\/uploads\/2021\/12\/ivon-2.jpeg\" alt=\"\"\/><\/div><\/div><div class=\"gutentor-single-item-content\"><h3 class=\"gutentor-single-item-title\">Ivon P\u00e9rez<\/h3><p class=\"gutentor-single-item-desc\">Tl\u00e1huac, CDMX.<\/p><\/div><\/div><\/div><\/div><\/div><\/div><\/section>\n\n\n\n<p>El curso de Bordatop\u00edas de la UVA con la maestra Lorena fue un espacio de confianza para aprender o seguir aprendiendo t\u00e9cnicas y distintas puntadas.&nbsp;<\/p>\n\n\n\n<p>El bordado es una actividad art\u00edstica de intuici\u00f3n, de diversidad, de identidad, pero tambi\u00e9n de reflexi\u00f3n. Fue muy Importante el haber aprendido sobre la sustentabilidad que el bordar puede traernos en los materiales utilizamos, pero sobre todo la importancia que se le ha dado y ha desarrollado el bordado en las memorias y en los hechos.<\/p>\n\n\n\n<p>En lo personal, adem\u00e1s, el curso fue para m\u00ed un impulso para levantarme en estos momentos dif\u00edciles y diferentes para m\u00ed, en lo emocional y f\u00edsico ha sido muy fuerte.<\/p>\n\n\n\n<p>\u00a1Muchas gracias a la UVA y a Lore! \u00a1Maternidades libres deseadas!<\/p>\n\n\n\n<p>Quisiera mencionar que mi bordado presentado est\u00e1 inspirado en mi abuelita que como muchas mujeres lucha por ellas mismas y sus hijxs. <strong>Ivon P\u00e9rez<\/strong><\/p>\n\n\n\n<section id=\"section-ec6eaf40-8faf-47f2-8a00-ac4a31e55f4c\" class=\"wp-block-gutentor-image-box gutentor-section gutentor-image-wrapper imagebox-template1\"><div class=\"grid-container\"><div class=\"gutentor-block-header\"><div class=\"gutentor-section-title enable-title-design seperator-bottom text-center\"><h2 class=\"gutentor-title\"><\/h2><\/div><\/div><div class=\"grid-row gutentor-grid-item-wrap\"><div class=\"gutentor-grid-column grid-lg-4 grid-md-4 grid-12\"><div class=\"gutentor-single-item gutentor-image gutentor-single-item-0\"><div class=\"gutentor-single-item-wrap\"><div class=\"gutentor-single-item-image-box\"><div class=\"gutentor-image-thumb\"><img decoding=\"async\" class=\"normal-image\" src=\"https:\/\/tlatelolcounam.mx\/uva\/wp-content\/uploads\/2021\/12\/sara-.jpeg\" alt=\"\"\/><\/div><\/div><div class=\"gutentor-single-item-content\"><h3 class=\"gutentor-single-item-title\">Sara Guzm\u00e1n<\/h3><p class=\"gutentor-single-item-desc\">Col. Obrera CDMX.<br>En mi propuesta de collage utilice pintura, bordado, aplicaciones en tela, estambre, list\u00f3n y cuentas de barro.\u00a0<br>Descubr\u00ed que el bordado puede ser una forma de expresi\u00f3n y de denuncia de diversas problem\u00e1ticas.\u00a0<br><\/p><\/div><\/div><\/div><\/div><div class=\"gutentor-grid-column grid-lg-4 grid-md-4 grid-12\"><div class=\"gutentor-single-item gutentor-image gutentor-single-item-1\"><div class=\"gutentor-single-item-wrap\"><div class=\"gutentor-single-item-image-box\"><div class=\"gutentor-image-thumb\"><img decoding=\"async\" class=\"normal-image\" src=\"https:\/\/tlatelolcounam.mx\/uva\/wp-content\/uploads\/2021\/12\/margarita-17.jpeg\" alt=\"\"\/><\/div><\/div><div class=\"gutentor-single-item-content\"><h3 class=\"gutentor-single-item-title\">Margarita Ram\u00edrez<\/h3><p class=\"gutentor-single-item-desc\">Benito Ju\u00e1rez, CDMX y Tlaxcala.<br>Bordar es una forma de resistencia, bordar es una forma de convivencia, bordar es una forma de reutilizar, bordar es una forma de amar al pr\u00f3jimo\u2026<\/p><\/div><\/div><\/div><\/div><div class=\"gutentor-grid-column grid-lg-4 grid-md-4 grid-12\"><div class=\"gutentor-single-item gutentor-image gutentor-single-item-2\"><div class=\"gutentor-single-item-wrap\"><div class=\"gutentor-single-item-image-box\"><div class=\"gutentor-image-thumb\"><img decoding=\"async\" class=\"normal-image\" src=\"https:\/\/tlatelolcounam.mx\/uva\/wp-content\/uploads\/2021\/12\/margarita-2.jpg\" alt=\"\"\/><\/div><\/div><div class=\"gutentor-single-item-content\"><h3 class=\"gutentor-single-item-title\">Margarita Ram\u00edrez<\/h3><p class=\"gutentor-single-item-desc\">Benito Ju\u00e1rez, CDMX y Tlaxcala.<\/p><\/div><\/div><\/div><\/div><div class=\"gutentor-grid-column grid-lg-4 grid-md-4 grid-12\"><div class=\"gutentor-single-item gutentor-image gutentor-single-item-3\"><div class=\"gutentor-single-item-wrap\"><div class=\"gutentor-single-item-image-box\"><div class=\"gutentor-image-thumb\"><img decoding=\"async\" class=\"normal-image\" src=\"https:\/\/tlatelolcounam.mx\/uva\/wp-content\/uploads\/2021\/12\/margarita-1.jpg\" alt=\"\"\/><\/div><\/div><div class=\"gutentor-single-item-content\"><h3 class=\"gutentor-single-item-title\">Margarita Ram\u00edrez<\/h3><p class=\"gutentor-single-item-desc\">Benito Ju\u00e1rez, CDMX y Tlaxcala.<\/p><\/div><\/div><\/div><\/div><\/div><\/div><\/section>\n","protected":false},"excerpt":{"rendered":"<p>Maestra: Lorena Flores El bordado contempor\u00e1neo no solo es una actividad m\u00e1gica y hermosa, es tambi\u00e9n una herramienta de lucha&nbsp;<a href=\"https:\/\/tlatelolcounam.mx\/uva\/bordatopias-taller-de-bordado-y-collage-textil-jornadas-de-cierre-ciclo-22\/\">&hellip;<\/a><\/p>\n","protected":false},"author":2,"featured_media":0,"comment_status":"open","ping_status":"open","sticky":false,"template":"","format":"standard","meta":{"footnotes":""},"categories":[38],"tags":[],"class_list":["post-1800","post","type-post","status-publish","format-standard","hentry","category-jornadas-de-cierre-ciclo-22","odd"],"gutentor_comment":4,"_links":{"self":[{"href":"https:\/\/tlatelolcounam.mx\/uva\/wp-json\/wp\/v2\/posts\/1800","targetHints":{"allow":["GET"]}}],"collection":[{"href":"https:\/\/tlatelolcounam.mx\/uva\/wp-json\/wp\/v2\/posts"}],"about":[{"href":"https:\/\/tlatelolcounam.mx\/uva\/wp-json\/wp\/v2\/types\/post"}],"author":[{"embeddable":true,"href":"https:\/\/tlatelolcounam.mx\/uva\/wp-json\/wp\/v2\/users\/2"}],"replies":[{"embeddable":true,"href":"https:\/\/tlatelolcounam.mx\/uva\/wp-json\/wp\/v2\/comments?post=1800"}],"version-history":[{"count":2,"href":"https:\/\/tlatelolcounam.mx\/uva\/wp-json\/wp\/v2\/posts\/1800\/revisions"}],"predecessor-version":[{"id":1822,"href":"https:\/\/tlatelolcounam.mx\/uva\/wp-json\/wp\/v2\/posts\/1800\/revisions\/1822"}],"wp:attachment":[{"href":"https:\/\/tlatelolcounam.mx\/uva\/wp-json\/wp\/v2\/media?parent=1800"}],"wp:term":[{"taxonomy":"category","embeddable":true,"href":"https:\/\/tlatelolcounam.mx\/uva\/wp-json\/wp\/v2\/categories?post=1800"},{"taxonomy":"post_tag","embeddable":true,"href":"https:\/\/tlatelolcounam.mx\/uva\/wp-json\/wp\/v2\/tags?post=1800"}],"curies":[{"name":"wp","href":"https:\/\/api.w.org\/{rel}","templated":true}]}}