{"id":1795,"date":"2021-12-04T23:58:59","date_gmt":"2021-12-04T23:58:59","guid":{"rendered":"https:\/\/tlatelolcounam.mx\/uva\/?p=1795"},"modified":"2021-12-04T23:59:00","modified_gmt":"2021-12-04T23:59:00","slug":"produccion-musical-y-diseno-sonoro-jornadas-de-cierre-ciclo-22","status":"publish","type":"post","link":"https:\/\/tlatelolcounam.mx\/uva\/produccion-musical-y-diseno-sonoro-jornadas-de-cierre-ciclo-22\/","title":{"rendered":"Producci\u00f3n musical y dise\u00f1o sonoro \/ Jornadas de cierre \/ Ciclo 22"},"content":{"rendered":"\n<p><strong>Maestra: Adriana Santiago<\/strong><\/p>\n\n\n\n<p><strong>\u00bfC\u00f3mo ha sido tu experiencia en el taller de producci\u00f3n musical y dise\u00f1o sonoro?<\/strong><\/p>\n\n\n\n<p>Excelente. A ciencia cierta me han dado las herramientas para poder empezar a trabajar desde cero 0!! Muchas gracias Maestra Adriana por sus luces y conocimientos.<\/p>\n\n\n\n<p>Muy buena, Adriana nos orienta y nos facilita la compresi\u00f3n de muchos de los conceptos para asimilar el sonido, desde lo m\u00e1s b\u00e1sico hasta temas avanzados.<\/p>\n\n\n\n<p>Excelente. Me ha dado muchas ideas y m\u00e1s entendimiento del trabajo sonoro. Pude entender c\u00f3mo es un proceso para crear un dise\u00f1o sonoro y las diferentes formas de producir m\u00fasica.<\/p>\n\n\n\n<p>Ha sido un taller que adem\u00e1s de atender mi inquietud hacia la producci\u00f3n musical y el sonido, me ha despertado curiosidad en aspectos que desconoc\u00eda sobre el tema.<\/p>\n\n\n\n<p>Ha sido una experiencia bastante amena y significativa, me gusta la forma en la que est\u00e1 organizada la clase, comenzar con un video que motive la reflexi\u00f3n grupal es una gran estrategia. Tambi\u00e9n poder conocer los otros proyectos que son tan diversos y distintos enriquece la perspectiva personal y amplia el horizonte de conocimiento. Todos en el grupo tienen una actitud agradable y la profesora es muy buena comunicando los contenidos e invit\u00e1ndonos a pensar sobre ellos.<\/p>\n\n\n\n<p>Me ha gustado bastante! Aunque algunas veces me sent\u00eda un poco abrumado por la teor\u00eda, a pesar de que llevo un rato practicando guitarra, durante el taller se manejaron muchos conceptos e ideas que eran nuevas para mi en cuanto al sonido. Tal vez un ciclo es muy corto para entenderlo todo por completo, pero pienso que mientras m\u00e1s tiempo uno se pone a hacer m\u00fasica\/dise\u00f1o sonoro, mejor queda fijado ese conocimiento. Me agrado mucho que hubiera compa\u00f1eros que quisieran hacer cosas tan distintas pues siento que retroalimentaba bastante escuchar opiniones diferentes a la m\u00fasica y que fueran m\u00e1s hacia el dise\u00f1o sonoro. Otra cosa que me gusto mucho del taller es pensar m\u00e1s en el sonido fuera de la m\u00fasica, personalmente no hab\u00eda pensado mucho en el valor de los sonidos incluso m\u00e1s halla de nuestra percepci\u00f3n, pues cada individuo escucha a su manera.<\/p>\n\n\n\n<p>Excelente. Me llevo muchas cosas y me quedo con muchas dudas por resolver, pero me dieron las herramientas necesarias para iniciar y experimentar en mi home studio. He aprendido muchas cosas que no conoc\u00eda y tengo perspectivas diferentes de c\u00f3mo grabar mi m\u00fasica!!!<\/p>\n\n\n\n<p><strong>\u00bfC\u00f3mo te ha acercado a la realizaci\u00f3n de tus proyectos?<\/strong><\/p>\n\n\n\n<p>Ha sido una genialidad, ya que por fin he podido entender muchas de las cuestiones y trabas que ten\u00eda y he resuelto la mayor\u00eda de los problemas que se me presentaron. He aprendido mucho de acondicionamiento ac\u00fastico y configuraci\u00f3n de Daws pero sobre todo a ESCUCHAR CONSIENTEMENTE.<\/p>\n\n\n\n<p>A parte de todas las herramientas, tener un grupo semana a semana, me ayuda a mantenerme enfocado y a seguir en mis proyectos, a dem\u00e1s de darles una buena base y retroalimentarme de mis compa\u00f1eros y educadora.<\/p>\n\n\n\n<p>Ahora tengo m\u00e1s herramientas t\u00e9cnicas para mejorar mi audio. Me gustar\u00eda conocer m\u00e1s de este tema.<\/p>\n\n\n\n<p>Enriqueci\u00f3 mi manera de abordar, no solo la percepci\u00f3n del sonido y la m\u00fasica, tambi\u00e9n el lado creativo y el lado t\u00e9cnico para producir estas artes sonoras.<\/p>\n\n\n\n<p>Me ayud\u00f3 a conocer una perspectiva m\u00e1s t\u00e9cnica y pr\u00e1ctica sobre el sonido que complement\u00f3 muy bien la formaci\u00f3n te\u00f3rica que ten\u00eda. Analizar las herramientas necesarias para grabar, editar y dise\u00f1ar hizo que pudiera aterrizar de mejor forma todas mis ideas, identificar las rutas de acci\u00f3n posibles y poder encaminarme para saber de qu\u00e9 forma actuar y a trav\u00e9s de qu\u00e9 medios t\u00e9cnicos. Fue el complemento perfecto para pasar de lo te\u00f3rico a lo pr\u00e1ctico y comenzar a actuar.<\/p>\n\n\n\n<p>Me ha ayudado a aterrizar mis ideas, siento que aunque la parte previa de escribir lo que queremos hacer puede ser un poco aburrida, es necesaria para no perder de vista lo que queremos hacer y no andar flotando todo el tiempo con ideas que no van a ning\u00fan lado! Adem\u00e1s, si identificamos conscientemente nuestras identidades, las cosas que hagamos estar\u00e1n cargadas de nuestras experiencias y quienes somos. Otra cosa importante para mi fue acerca del equipo de audio, de lo \u00fanico que conozco es de guitarras pero creo que ya tengo una noci\u00f3n del equipo que puedo usar o sacarle provecho al que ya tengo. Otro punto que me ayudo fue el software libre, a veces uno se adentra a la producci\u00f3n de m\u00fasica y escucha por otras personas que necesitas pagar software, instrumentos virtuales, interfaces, monitores de audio, instrumentos de a deber\u00e1s, etc. A lo largo del taller me di cuenta que es mejor hacer m\u00fasica con lo que uno ya posee, en lugar de esperar a tener &#8220;lo necesario&#8221; y no hacer nada.<\/p>\n\n\n\n<p>Me ha acercado de manera en que ya puedo empezar mis proyectos desde cero. A comparaci\u00f3n de los proyectos de mis compa\u00f1eros, lo que yo quiero hacer, que es grabar mi voz junto a una pista ya pre-mezclada o existente, me parece s\u00faper f\u00e1cil. Solo me quedo con dudas de c\u00f3mo utilizar los plugins y vst de manera correcta, pero la pr\u00e1ctica hace al maestro. Me llevo un muy buen sabor de boca y una bonita experiencia con mi Maestra Adriana y mis compa\u00f1eros de la UVA. Muchas gracias por todo!!!<\/p>\n","protected":false},"excerpt":{"rendered":"<p>Maestra: Adriana Santiago \u00bfC\u00f3mo ha sido tu experiencia en el taller de producci\u00f3n musical y dise\u00f1o sonoro? Excelente. A ciencia&nbsp;<a href=\"https:\/\/tlatelolcounam.mx\/uva\/produccion-musical-y-diseno-sonoro-jornadas-de-cierre-ciclo-22\/\">&hellip;<\/a><\/p>\n","protected":false},"author":2,"featured_media":0,"comment_status":"open","ping_status":"open","sticky":false,"template":"","format":"standard","meta":{"footnotes":""},"categories":[38],"tags":[],"class_list":["post-1795","post","type-post","status-publish","format-standard","hentry","category-jornadas-de-cierre-ciclo-22","odd"],"gutentor_comment":0,"_links":{"self":[{"href":"https:\/\/tlatelolcounam.mx\/uva\/wp-json\/wp\/v2\/posts\/1795","targetHints":{"allow":["GET"]}}],"collection":[{"href":"https:\/\/tlatelolcounam.mx\/uva\/wp-json\/wp\/v2\/posts"}],"about":[{"href":"https:\/\/tlatelolcounam.mx\/uva\/wp-json\/wp\/v2\/types\/post"}],"author":[{"embeddable":true,"href":"https:\/\/tlatelolcounam.mx\/uva\/wp-json\/wp\/v2\/users\/2"}],"replies":[{"embeddable":true,"href":"https:\/\/tlatelolcounam.mx\/uva\/wp-json\/wp\/v2\/comments?post=1795"}],"version-history":[{"count":2,"href":"https:\/\/tlatelolcounam.mx\/uva\/wp-json\/wp\/v2\/posts\/1795\/revisions"}],"predecessor-version":[{"id":1797,"href":"https:\/\/tlatelolcounam.mx\/uva\/wp-json\/wp\/v2\/posts\/1795\/revisions\/1797"}],"wp:attachment":[{"href":"https:\/\/tlatelolcounam.mx\/uva\/wp-json\/wp\/v2\/media?parent=1795"}],"wp:term":[{"taxonomy":"category","embeddable":true,"href":"https:\/\/tlatelolcounam.mx\/uva\/wp-json\/wp\/v2\/categories?post=1795"},{"taxonomy":"post_tag","embeddable":true,"href":"https:\/\/tlatelolcounam.mx\/uva\/wp-json\/wp\/v2\/tags?post=1795"}],"curies":[{"name":"wp","href":"https:\/\/api.w.org\/{rel}","templated":true}]}}