{"id":1784,"date":"2021-12-04T23:49:32","date_gmt":"2021-12-04T23:49:32","guid":{"rendered":"https:\/\/tlatelolcounam.mx\/uva\/?p=1784"},"modified":"2021-12-05T00:04:12","modified_gmt":"2021-12-05T00:04:12","slug":"yoga-suave-jornadas-de-cierre-ciclo-22","status":"publish","type":"post","link":"https:\/\/tlatelolcounam.mx\/uva\/yoga-suave-jornadas-de-cierre-ciclo-22\/","title":{"rendered":"Yoga Suave \/ Jornadas de Cierre \/ Ciclo 22"},"content":{"rendered":"\n<p><strong>Maestra: Guadalupe Espinosa<\/strong><\/p>\n\n\n\n<p><strong>Por Jos\u00e9 \u00c1ngel Mej\u00eda Gonz\u00e1lez<\/strong><\/p>\n\n\n\n<p>Algunos te\u00f3ricos del teatro contempor\u00e1neo sugieren que el actor se acerque a pr\u00e1cticas orientales para qu\u00e9 \u00e9ste pueda aprender a relacionarse con su cuerpo desde una perspectiva renovadora, pues el paradigma de la tradici\u00f3n occidental se encuentra agotado. Solo puedo decir que mi iniciaci\u00f3n en yoga est\u00e1 fuertemente influenciado por estos postulados. Sin embargo mi pr\u00e1ctica no ha sido tan constante como yo quisiera. Cuando comenc\u00e9 yoga suave en la UVA ten\u00eda m\u00e1s de un a\u00f1o de no practicar, no obstante las clases me han permitido recuperar-me. Siento que mientras estoy en las asanas, yo hago conciencia de mi cuerpo. Hay un reencuentro.<\/p>\n\n\n\n<p>Asimismo, del tiempo que llevo tomando las clases tambi\u00e9n he notado que poco a poco se ha mejorado mi postura. Autom\u00e1ticamente mi cuerpo se autocorrige. No sin demeritar los beneficios palpables que brinda el trabajo meramente f\u00edsico.<\/p>\n\n\n\n<p>Otra consecuencia fruct\u00edfera es la paz mental que se da por a\u00f1adidura. Durante las sesiones me es muy f\u00e1cil estar aqu\u00ed y ahora. Algo que antes me resultaba m\u00e1s complicado. No es un escollo que est\u00e1 completamente erradicado, celebro que lo estoy asumiendo y resolviendo. Yo dir\u00eda que ya es un avance.<\/p>\n\n\n\n<p><strong>Por Beatriz Bureos&nbsp; P,<\/strong><\/p>\n\n\n\n<p>Al iniciar este ciclo, el 22, me inscrib\u00ed al Taller de Yoga suave, ya que el ciclo anterior tambi\u00e9n lo curs\u00e9 y fue una grata experiencia; la profesora imparte sus clases de forma expl\u00edcita, considera las capacidades y limitaciones de cada uno de sus alumnos y especifica la forma en que se habr\u00e1n de llevar a cabo las posturas, esto permite que podamos tener claridad en la noci\u00f3n de nuestro propio cuerpo, lo que ayuda en la realizaci\u00f3n de las mismas.&nbsp;<\/p>\n\n\n\n<p>En lo personal, padezco de secuelas por esguince cervical que han afectado la fuerza y movimiento de cabeza, cuello y extremidades superiores principalmente, por lo que realizo rutinas de rehabilitaci\u00f3n para fortalecer las partes afectadas.&nbsp; Una de las recomendaciones m\u00e9dicas ha sido la de practicar yoga y, el Taller de Yoga suave, ha sido una opci\u00f3n favorable para m\u00ed.&nbsp;<\/p>\n\n\n\n<p>Al inicio del curso, la profesora indic\u00f3 en cada clase, las asanas que habr\u00edamos de realizar siendo estas suaves; conforme fue avanzando el curso, \u00e9stas fueron aumentando en fuerza y complejidad pero amigables con el cuerpo propio ya que la profesora nos dio opciones para su realizaci\u00f3n de acuerdo a las capacidades y limitaciones de cada uno.&nbsp; As\u00ed mismo, conocimos la importancia de la respiraci\u00f3n y sus diferentes formas para cada momento, lo que contribuy\u00f3 a mejorar nuestro desempe\u00f1o.&nbsp; De esta forma, teniendo conciencia del propio cuerpo y aunado a la meditaci\u00f3n, la pr\u00e1ctica del yoga se fue fortaleciendo paulatinamente.&nbsp;&nbsp;<\/p>\n\n\n\n<p>Ahora que concluye el ciclo, en lo individual, observo un poco m\u00e1s de fuerza y de flexibilidad en mi cuerpo para realizar diferentes asanas; otras todav\u00eda me implican grandes esfuerzos y otras m\u00e1s est\u00e1n fuera de mis posibilidades sin embargo, esto tambi\u00e9n es parte del aprendizaje, pues estoy asimilando c\u00f3mo responde mi cuerpo, qu\u00e9 puedo y qu\u00e9 no puedo hacer y acept\u00e1ndolo tal cual es.&nbsp;<\/p>\n\n\n\n<p>Un logro que puedo observar es al realizar la postura del ni\u00f1o, pues casi alcanzo a tocar los puntos importantes: al flexionar el cuerpo hacia adelante, casi toco el tapete con la frente a la vez que las caderas casi tocan los talones. Esto me supone bastante esfuerzo pero tambi\u00e9n puedo reconocer m\u00e1s flexibilidad para realizarla.<\/p>\n\n\n\n<p>Para finalizar, agradezco a la UVA por abrir los espacios donde podemos realizar las diferentes actividades que ofrece, sobre todo para salvar las dificultades que implica la atenci\u00f3n de manera virtual y, sobre todo, a la profesora Guadalupe Espinosa por su profesionalismo y sus orientaciones para realizar mi pr\u00e1ctica.<\/p>\n\n\n\n<p><strong>Por Carla Susana  Gasca <\/strong><br>Buenas noches!!! Esta es la primera vez que tomo yoga, me encant\u00f3. Siento mi cuerpo y mi espiritu m\u00e1s libre, ligero, llevo de energ\u00eda y mi mente est\u00e1 mucho mas creativa.Agradezco a la maestra Lupita y a la UVA por esta bella oportunidad dd dar clases en linea y ojala que se sigan dando mos cursos asi. Elegi la posici\u00f3n dell \u00e1rbol, porque me siento con mejor postura y m\u00e1s equilibrada en todo lo que he hecho personal y laboralmente. Muchas gracias!!!<\/p>\n\n\n\n<p><strong>Por Narda Gasca<\/strong><br>Llevo tres cursos de yoga suave con la profesora Lupita Espinoza y he experimentado cambios ben\u00e9ficos en mi cuerpo y en mi mente. F\u00edsicamente estoy m\u00e1s flexible, sin dolor de espalda, con m\u00e1s fuerza y resistencia, por eso eleg\u00ed la postura del barco, ya que requiere fuerza en el abdomen. En cuanto al aspecto mental, he adquirido m\u00e1s paciencia, calma y serenidad para enfrentar problemas familiares. La pr\u00e1ctica del yoga ha tra\u00eddo grandes beneficios a mi salud. Desde luego, hay posturas que requieren m\u00e1s esfuerzo de mi parte, pero seguir\u00e9 insistiendo en ello. Gracias profesora Lupita!!!<br><br><strong>Por Mar\u00eda Eugenia Gutierrez<\/strong><br>&nbsp;Soy adulto mayor, padezco EPOC, V\u00e9rtigo e Hipertensi\u00f3n. Se me dificultaba mucho realizar las&nbsp; asanas, pero poco a poco y con las indicaciones de la Maestra Lupita, he podido realizarlas.&nbsp;&nbsp;&nbsp;Ha mejorado mucho mi respiraci\u00f3n, movilidad, elasticidad, fortaleza, equilibrio y sobretodo la calma que brinda la Meditaci\u00f3n, el encuentro consigo mismo.&nbsp;&nbsp;&nbsp;La VELA, no pod\u00eda realizarla sin el apoyo de la pared, para m\u00ed signific\u00f3 un gran avance.&nbsp;&nbsp;&nbsp;&nbsp;Espero que el pr\u00f3ximo Ciclo de la UVA sea presencial y poder continuar con la pr\u00e1ctica del Yoga.<\/p>\n\n\n\n<p><br>&nbsp;<strong>Por Olga M\u00e1rquez Monroy<\/strong><\/p>\n\n\n\n<p>En este Ciclo XXII de talleres que se imparten en la Unidad de Vinculaci\u00f3n Art\u00edstica del Centro Cultural Universitario Tlatelolco UNAM, decid\u00ed tomar por segunda ocasi\u00f3n&nbsp; el Taller de Yoga Suave&nbsp; con la excelente Tallerista Guadalupe Espinoza, toda vez que me dejo una grata experiencia la pr\u00e1ctica de esta diciplina en el ciclo anterior, as\u00ed como la inquietud de querer seguir aprendiendo m\u00e1s sobre la misma. Ahora bien, en este ciclo XXII, he podido advertir como mi cuerpo se ha ido haciendo m\u00e1s flexible, as\u00ed como mi mente ha adquirido m\u00e1s concentraci\u00f3n al ejecutar las&nbsp; distintas asanas o posturas, lo que me ha permitido comprender&nbsp; mis propias mis capacidades y limitaciones.&nbsp;La pr\u00e1ctica de la disciplina del yoga me ha ayudado a relajarme, disminuyendo el estr\u00e9s y la ansiedad con la ejecuci\u00f3n de las diversas asanas o posturas que me permiten relajar los m\u00fasculos y a la vez la mente se va despejando con la respiraci\u00f3n pausada. As\u00ed tambi\u00e9n, me ha beneficiado positivamente para dormir mejor. La magnifica direcci\u00f3n de la maestra Guadalupe Espinosa en esta disciplina ha sido de una gran ayuda, ya que a pesar de que las clases han continuado en este Ciclo XXII a trav\u00e9s <em>Zoom<\/em>, sin embargo, ella ha tenido una enorme paciencia para transmitirnos su vasta experiencia en las diversas asanas o&nbsp; posturas, as\u00ed como la importancia de la respiraci\u00f3n para ejecutarlas, lo cual forma parte de la meditaci\u00f3n. Agradezco a la tallerista y a la UVA por posibilitar este espacio de desarrollo personal.&nbsp;Anexo fotograf\u00eda de una de las asanas o posturas de yoga que me gusta realizar.Postura del puente o medio puente (Setu Bandha Sarvangasana). Escog\u00ed esta postura porque estimula los \u00f3rganos abdominales, mejora la digesti\u00f3n, tonifica la musculatura p\u00e9lvica, mejora el sue\u00f1o y reduce el insomnio, abre el pecho y aumenta la capacidad pulmonar, entre otros beneficios.<\/p>\n\n\n\n<p><strong>Por Araceli Nava Vigueras <\/strong><\/p>\n\n\n\n<p>Mi experiencia en el Taller de Yoga Suave ha sido gratificante. Las clases fueron adecuadas para las personas que iniciamos con la pr\u00e1ctica de esta disciplina.El practicar yoga me motivo a hacer ejercicio a pesar de tener operaci\u00f3n de rodillas y que se me hab\u00eda indicado no hacer algunos ejercicios como hincarme, sentadillas, etc.Me ha servido de mucho para mover mi cuerpo y tomar conciencia de este, empiezo a ser m\u00e1s flexible. Al inicio del taller era muy torpe para realizar las posturas y aunque todav\u00eda me falta mucho por hacer me ha motivado a seguir practicando ya que al concluir la clase me siento diferente con m\u00e1s energ\u00eda y vitalidad tanto f\u00edsica como emocional.La postura que escog\u00ed para&nbsp; la foto es la de Perro mirando abajo, ya que aunque parece sencilla&nbsp; se tienen que tomar en cuenta, como en cualquier otra postura,&nbsp; las indicaciones&nbsp; pertinentes&nbsp; para lograr&nbsp; realizarla correctamente.&nbsp;&nbsp;&nbsp;&nbsp;&nbsp;&nbsp;&nbsp;&nbsp;&nbsp;<\/p>\n\n\n\n<p><strong>Por Mar\u00eda Guadalupe Salazar<\/strong><\/p>\n\n\n\n<p>Este es mi segundo curso de yoga suave, y estoy muy contenta porque me ha permitido darme cuenta que puedo hacer muchas cosas con mi cuerpo en conjunci\u00f3n con mis pensamientos, esto me ha enriquecido mucho he ganado habilidades f\u00edsicas, mis movimientos para hacer las posiciones ya no son tan torpes y poco a poco logro mayor concentraci\u00f3n para la realizaci\u00f3n de las mismas y algo important\u00edsimo al final de cada sesion poder hacer la shavasana que nos lleva a poder conectarnos con nosotros mismos y con el universo. Repito estoy muy contenta con el taller de Yoga suave esperando que contin\u00fae en l\u00ednea para poder seguir tom\u00e1ndolo.<br><\/p>\n\n\n\n<p><strong>Por Remedios Santiago Domingo <\/strong><\/p>\n\n\n\n<p>Hola, mi nombre es Remedios Santiago Domingo, les coment\u00f3 que es la primera&nbsp; vez que tom\u00f3 un taller de yoga. Al principio fue dif\u00edcil la pr\u00e1ctica, ya que me faltaba&nbsp; flexibilidad y fuerza en brazos y piernas, durante las primeras clases terminaba algo&nbsp; adolorida, y poco a poco mi cuerpo fue haci\u00e9ndose m\u00e1s resistente, y flexible.&nbsp;&nbsp;&nbsp;Gracias al apoyo y conducci\u00f3n de la maestra Guadalupe, que nos monitoreaba desde la distancia, as\u00ed tambi\u00e9n nos alentaba a continuar, sin dejar de&nbsp; dar indicaciones para mejorar las posturas de yoga de manera personal.&nbsp;&nbsp;&nbsp;La pr\u00e1ctica de la meditaci\u00f3n en cada clase generaba relajaci\u00f3n y descanso.&nbsp; El viernes era de practica y teor\u00eda para conocer qu\u00e9 es el yoga, sus or\u00edgenes,&nbsp; principios y m\u00e1s.&nbsp;&nbsp;&nbsp;Despu\u00e9s varias sesiones de yoga, veo que mis movimientos son m\u00e1s&nbsp; flexibles y fluidos en mi vida cotidiana, mi paso es m\u00e1s firme, el dolor en mi espalda&nbsp; ha mejorado. Mi respiraci\u00f3n y concentraci\u00f3n tambi\u00e9n se han visto beneficiadas y&nbsp; aunque he tenido algunas complicaciones personales la meditaci\u00f3n es algo que me&nbsp; ha ayudado para sobrellevar estos.&nbsp;&nbsp;&nbsp;Por otra parte, les comento que la postura de yoga que m\u00e1s me gusto fue el&nbsp; de perro mirando abajo, ya que esta postura, calma mi mente, y al estirar brazos, &nbsp;hombros, columna vertebral y piernas, las he fortalecido. Gracias por este taller de&nbsp; Yoga suave.&nbsp;&nbsp;&nbsp;<\/p>\n\n\n\n<section id=\"section-cecb343f-6f29-41cf-8207-e07b5a397fbe\" class=\"wp-block-gutentor-image-box gutentor-section gutentor-image-wrapper imagebox-template1\"><div class=\"grid-container\"><div class=\"gutentor-block-header\"><div class=\"gutentor-section-title enable-title-design seperator-bottom text-center\"><h2 class=\"gutentor-title\"><\/h2><\/div><\/div><div class=\"grid-row gutentor-grid-item-wrap\"><div class=\"gutentor-grid-column grid-lg-4 grid-md-4 grid-12\"><div class=\"gutentor-single-item gutentor-image gutentor-single-item-0\"><div class=\"gutentor-single-item-wrap\"><div class=\"gutentor-single-item-image-box\"><div class=\"gutentor-image-thumb\"><img decoding=\"async\" class=\"normal-image\" src=\"https:\/\/tlatelolcounam.mx\/uva\/wp-content\/uploads\/2021\/12\/Participacion-para-cierre-de-ciclo.-21-nov.-2021-6_48_12-p.-m..jpeg\" alt=\"\"\/><\/div><\/div><div class=\"gutentor-single-item-content\"><h3 class=\"gutentor-single-item-title\"><\/h3><p class=\"gutentor-single-item-desc\"><\/p><\/div><\/div><\/div><\/div><div class=\"gutentor-grid-column grid-lg-4 grid-md-4 grid-12\"><div class=\"gutentor-single-item gutentor-image gutentor-single-item-1\"><div class=\"gutentor-single-item-wrap\"><div class=\"gutentor-single-item-image-box\"><div class=\"gutentor-image-thumb\"><img decoding=\"async\" class=\"normal-image\" src=\"https:\/\/tlatelolcounam.mx\/uva\/wp-content\/uploads\/2021\/12\/Participacion-para-cierre-de-ciclo.-21-nov.-2021-6_43_17-p.-m..jpeg\" alt=\"\"\/><\/div><\/div><div class=\"gutentor-single-item-content\"><h3 class=\"gutentor-single-item-title\"><\/h3><p class=\"gutentor-single-item-desc\"><\/p><\/div><\/div><\/div><\/div><div class=\"gutentor-grid-column grid-lg-4 grid-md-4 grid-12\"><div class=\"gutentor-single-item gutentor-image gutentor-single-item-2\"><div class=\"gutentor-single-item-wrap\"><div class=\"gutentor-single-item-image-box\"><div class=\"gutentor-image-thumb\"><img decoding=\"async\" class=\"normal-image\" src=\"https:\/\/tlatelolcounam.mx\/uva\/wp-content\/uploads\/2021\/12\/Fotografia-perro-mirando-abajo-Remedios.jpg\" alt=\"\"\/><\/div><\/div><div class=\"gutentor-single-item-content\"><h3 class=\"gutentor-single-item-title\"><\/h3><p class=\"gutentor-single-item-desc\"><\/p><\/div><\/div><\/div><\/div><\/div><\/div><\/section>\n\n\n\n<div class=\"wp-block-group\"><div class=\"wp-block-group__inner-container is-layout-flow wp-block-group-is-layout-flow\">\n<section id=\"section-340a1b70-d9bf-4fab-91d3-ff17b05c3447\" class=\"wp-block-gutentor-image-box gutentor-section gutentor-image-wrapper imagebox-template1\"><div class=\"grid-container\"><div class=\"gutentor-block-header\"><div class=\"gutentor-section-title enable-title-design seperator-bottom text-center\"><h2 class=\"gutentor-title\"><\/h2><\/div><\/div><div class=\"grid-row gutentor-grid-item-wrap\"><div class=\"gutentor-grid-column grid-lg-4 grid-md-4 grid-12\"><div class=\"gutentor-single-item gutentor-image gutentor-single-item-0\"><div class=\"gutentor-single-item-wrap\"><div class=\"gutentor-single-item-image-box\"><div class=\"gutentor-image-thumb\"><img decoding=\"async\" class=\"normal-image\" src=\"https:\/\/tlatelolcounam.mx\/uva\/wp-content\/uploads\/2021\/12\/Screenshot_20211124-110043_Gallery.jpg\" alt=\"\"\/><\/div><\/div><div class=\"gutentor-single-item-content\"><h3 class=\"gutentor-single-item-title\"><\/h3><p class=\"gutentor-single-item-desc\"><\/p><\/div><\/div><\/div><\/div><div class=\"gutentor-grid-column grid-lg-4 grid-md-4 grid-12\"><div class=\"gutentor-single-item gutentor-image gutentor-single-item-1\"><div class=\"gutentor-single-item-wrap\"><div class=\"gutentor-single-item-image-box\"><div class=\"gutentor-image-thumb\"><img decoding=\"async\" class=\"normal-image\" src=\"https:\/\/tlatelolcounam.mx\/uva\/wp-content\/uploads\/2021\/12\/IMG_20211123_213210.jpg\" alt=\"\"\/><\/div><\/div><div class=\"gutentor-single-item-content\"><h3 class=\"gutentor-single-item-title\"><\/h3><p class=\"gutentor-single-item-desc\"><\/p><\/div><\/div><\/div><\/div><div class=\"gutentor-grid-column grid-lg-4 grid-md-4 grid-12\"><div class=\"gutentor-single-item gutentor-image gutentor-single-item-2\"><div class=\"gutentor-single-item-wrap\"><div class=\"gutentor-single-item-image-box\"><div class=\"gutentor-image-thumb\"><img decoding=\"async\" class=\"normal-image\" src=\"https:\/\/tlatelolcounam.mx\/uva\/wp-content\/uploads\/2021\/12\/20211122_120348-scaled.jpg\" alt=\"\"\/><\/div><\/div><div class=\"gutentor-single-item-content\"><h3 class=\"gutentor-single-item-title\"><\/h3><p class=\"gutentor-single-item-desc\"><\/p><\/div><\/div><\/div><\/div><\/div><\/div><\/section>\n<\/div><\/div>\n\n\n\n<section id=\"section-680ff98e-69d1-451a-a189-402fafb86e47\" class=\"wp-block-gutentor-image-box gutentor-section gutentor-image-wrapper imagebox-template1\"><div class=\"grid-container\"><div class=\"gutentor-block-header\"><div class=\"gutentor-section-title enable-title-design seperator-bottom text-center\"><h2 class=\"gutentor-title\"><\/h2><\/div><\/div><div class=\"grid-row gutentor-grid-item-wrap\"><div class=\"gutentor-grid-column grid-lg-4 grid-md-4 grid-12\"><div class=\"gutentor-single-item gutentor-image gutentor-single-item-0\"><div class=\"gutentor-single-item-wrap\"><div class=\"gutentor-single-item-image-box\"><div class=\"gutentor-image-thumb\"><img decoding=\"async\" class=\"normal-image\" src=\"https:\/\/tlatelolcounam.mx\/uva\/wp-content\/uploads\/2021\/12\/IMG_20211120_115947-scaled.jpg\" alt=\"\"\/><\/div><\/div><div class=\"gutentor-single-item-content\"><h3 class=\"gutentor-single-item-title\"><\/h3><p class=\"gutentor-single-item-desc\"><\/p><\/div><\/div><\/div><\/div><div class=\"gutentor-grid-column grid-lg-4 grid-md-4 grid-12\"><div class=\"gutentor-single-item gutentor-image gutentor-single-item-1\"><div class=\"gutentor-single-item-wrap\"><div class=\"gutentor-single-item-image-box\"><div class=\"gutentor-image-thumb\"><img decoding=\"async\" class=\"normal-image\" src=\"https:\/\/tlatelolcounam.mx\/uva\/wp-content\/uploads\/2021\/12\/foto-yoga-scaled.jpg\" alt=\"\"\/><\/div><\/div><div class=\"gutentor-single-item-content\"><h3 class=\"gutentor-single-item-title\"><\/h3><p class=\"gutentor-single-item-desc\"><\/p><\/div><\/div><\/div><\/div><\/div><\/div><\/section>\n","protected":false},"excerpt":{"rendered":"<p>Maestra: Guadalupe Espinosa Por Jos\u00e9 \u00c1ngel Mej\u00eda Gonz\u00e1lez Algunos te\u00f3ricos del teatro contempor\u00e1neo sugieren que el actor se acerque a&nbsp;<a href=\"https:\/\/tlatelolcounam.mx\/uva\/yoga-suave-jornadas-de-cierre-ciclo-22\/\">&hellip;<\/a><\/p>\n","protected":false},"author":2,"featured_media":0,"comment_status":"open","ping_status":"open","sticky":false,"template":"","format":"standard","meta":{"footnotes":""},"categories":[38],"tags":[],"class_list":["post-1784","post","type-post","status-publish","format-standard","hentry","category-jornadas-de-cierre-ciclo-22","odd"],"gutentor_comment":0,"_links":{"self":[{"href":"https:\/\/tlatelolcounam.mx\/uva\/wp-json\/wp\/v2\/posts\/1784","targetHints":{"allow":["GET"]}}],"collection":[{"href":"https:\/\/tlatelolcounam.mx\/uva\/wp-json\/wp\/v2\/posts"}],"about":[{"href":"https:\/\/tlatelolcounam.mx\/uva\/wp-json\/wp\/v2\/types\/post"}],"author":[{"embeddable":true,"href":"https:\/\/tlatelolcounam.mx\/uva\/wp-json\/wp\/v2\/users\/2"}],"replies":[{"embeddable":true,"href":"https:\/\/tlatelolcounam.mx\/uva\/wp-json\/wp\/v2\/comments?post=1784"}],"version-history":[{"count":3,"href":"https:\/\/tlatelolcounam.mx\/uva\/wp-json\/wp\/v2\/posts\/1784\/revisions"}],"predecessor-version":[{"id":1799,"href":"https:\/\/tlatelolcounam.mx\/uva\/wp-json\/wp\/v2\/posts\/1784\/revisions\/1799"}],"wp:attachment":[{"href":"https:\/\/tlatelolcounam.mx\/uva\/wp-json\/wp\/v2\/media?parent=1784"}],"wp:term":[{"taxonomy":"category","embeddable":true,"href":"https:\/\/tlatelolcounam.mx\/uva\/wp-json\/wp\/v2\/categories?post=1784"},{"taxonomy":"post_tag","embeddable":true,"href":"https:\/\/tlatelolcounam.mx\/uva\/wp-json\/wp\/v2\/tags?post=1784"}],"curies":[{"name":"wp","href":"https:\/\/api.w.org\/{rel}","templated":true}]}}