{"id":1523,"date":"2021-06-11T16:30:58","date_gmt":"2021-06-11T16:30:58","guid":{"rendered":"https:\/\/tlatelolcounam.mx\/uva\/?p=1523"},"modified":"2021-06-11T19:34:10","modified_gmt":"2021-06-11T19:34:10","slug":"historias-bordadas-jornadas-de-cierre-21","status":"publish","type":"post","link":"https:\/\/tlatelolcounam.mx\/uva\/historias-bordadas-jornadas-de-cierre-21\/","title":{"rendered":"Historias bordadas"},"content":{"rendered":"\n<figure class=\"wp-block-image size-medium is-style-default\"><a href=\"https:\/\/www.artsteps.com\/embed\/60b829e0eea6fd57ca0ad58b\/560\/315\" target=\"_blank\" rel=\"noopener noreferrer\"><img loading=\"lazy\" decoding=\"async\" width=\"300\" height=\"200\" src=\"https:\/\/tlatelolcounam.mx\/uva\/wp-content\/uploads\/2021\/06\/Captura-de-Pantalla-2021-06-11-a-las-13.19.50-edited-300x200.png\" alt=\"\" class=\"wp-image-1531\" srcset=\"https:\/\/tlatelolcounam.mx\/uva\/wp-content\/uploads\/2021\/06\/Captura-de-Pantalla-2021-06-11-a-las-13.19.50-edited-300x200.png 300w, https:\/\/tlatelolcounam.mx\/uva\/wp-content\/uploads\/2021\/06\/Captura-de-Pantalla-2021-06-11-a-las-13.19.50-edited-768x510.png 768w, https:\/\/tlatelolcounam.mx\/uva\/wp-content\/uploads\/2021\/06\/Captura-de-Pantalla-2021-06-11-a-las-13.19.50-edited-150x100.png 150w, https:\/\/tlatelolcounam.mx\/uva\/wp-content\/uploads\/2021\/06\/Captura-de-Pantalla-2021-06-11-a-las-13.19.50-edited.png 798w\" sizes=\"auto, (max-width: 300px) 100vw, 300px\" \/><\/a><figcaption><em>Peligrosa y poderosa <\/em>de Ismene Alan\u00eds, 33 a\u00f1os, CDMX.<\/figcaption><\/figure>\n\n\n\n<p>El taller historias bordadas surge en el contexto de la a\u00fan vigente pandemia de COVID-19&#8230;<\/p>\n\n\n\n<p class=\"has-text-align-left\">Trabajar y estudiar de manera virtual desde nuestras casas se convirti\u00f3<br>en la nueva normalidad. Fue entonces cuando las personas que pod\u00edamos<br>permanecer en casa, reconocimos y rehabitamos el espacio al que solo<br>lleg\u00e1bamos a dormir o a descansar, el ambiente dom\u00e9stico y el encierro colectivo<br>ha generado distintos debates sobre lo que hab\u00edamos nombrado como lo normal,<br>cuestionamos lo que cre\u00edamos y el c\u00f3mo nos relacion\u00e1bamos con los otros.<br>En este contexto surge la necesidad de abrir espacios seguros para charlar, crear,<br>llorar y aprender.<\/p>\n\n\n\n<p class=\"has-text-align-left\"><br>Gracias a los medios brindados por la UVA, Historias Bordadas se convirti\u00f3 en<br>un espacio seguro donde escuchar y crear se convirtieron en el hilo conductor de<br>nuestro aprendizaje. Las compa\u00f1eras que integraron el taller y yo, decidimos<br>elegir la organizaci\u00f3n colectiva a ra\u00edz de esta actividad, formando un colectivo de<br>bordadoras a nivel internacional llamado Ag\u00fcita de Jamaica.<\/p>\n\n\n\n<p class=\"has-text-align-left\"><br>Ellas les presentan en esta expo sus historias bordadas y los resultados del<br>proceso de aprendizaje de este taller. Tambi\u00e9n subieron a los techos y salieron a<br>las calles a tomar el espacio p\u00fablico con sus bordados, sacando los temas<br>privados a lo p\u00fablico visibilizando el arte de las mujeres, uniendo y escuchando<br>con hilos de distintas geograf\u00edas, las voces e historias de las mujeres del mundo.<\/p>\n\n\n\n<p class=\"has-text-align-center\"><br><strong>\u201c\u00a1Porque cosiendo y bordando tambi\u00e9n estamos luchando!\u201d<\/strong><\/p>\n\n\n\n<p class=\"has-text-align-center\">Lorena Flores Quiroz<br>Junio 2021<\/p>\n\n\n\n<section id=\"section-99238afd-d0ae-46fb-b9d0-00620c747fd5\" class=\"wp-block-gutentor-divider alignwide section-99238afd-d0ae-46fb-b9d0-00620c747fd5 gutentor-element gutentor-section gutentor-divider text-center\"><div class=\"grid-container\"><div class=\"gutentor-divider-box\"><span><svg xmlns=\"http:\/\/www.w3.org\/2000\/svg\" viewBox=\"0 0 240 40\" preserveAspectRatio=\"none\"><path d=\"M56.2 20c5.3-.1 10.6-.2 16-.3l16-.2c10.6-.1 21.3-.1 31.9-.2 10.6.1 21.3 0 31.9.1l16 .2c5.3.1 10.6.2 16 .3-5.3.1-10.6.2-16 .3l-16 .2c-10.6.1-21.3.1-31.9.1-10.6-.1-21.3 0-31.9-.2l-16-.2c-5.4.1-10.7 0-16-.1z\"><\/path><\/svg><\/span><\/div><\/div><\/section>\n\n\n\n<div class=\"wp-block-buttons is-layout-flex wp-block-buttons-is-layout-flex\">\n<div class=\"wp-block-button\"><a class=\"wp-block-button__link\" href=\"https:\/\/www.artsteps.com\/embed\/60b829e0eea6fd57ca0ad58b\/560\/315\">Conoce la exposici\u00f3n completa aqu\u00ed<\/a><\/div>\n<\/div>\n\n\n","protected":false},"excerpt":{"rendered":"<p>El taller historias bordadas surge en el contexto de la a\u00fan vigente pandemia de COVID-19&#8230; Trabajar y estudiar de manera&nbsp;<a href=\"https:\/\/tlatelolcounam.mx\/uva\/historias-bordadas-jornadas-de-cierre-21\/\">&hellip;<\/a><\/p>\n","protected":false},"author":2,"featured_media":1531,"comment_status":"open","ping_status":"open","sticky":false,"template":"","format":"standard","meta":{"footnotes":""},"categories":[34],"tags":[],"class_list":["post-1523","post","type-post","status-publish","format-standard","has-post-thumbnail","hentry","category-jornadas-de-cierre-21","odd"],"gutentor_comment":0,"_links":{"self":[{"href":"https:\/\/tlatelolcounam.mx\/uva\/wp-json\/wp\/v2\/posts\/1523","targetHints":{"allow":["GET"]}}],"collection":[{"href":"https:\/\/tlatelolcounam.mx\/uva\/wp-json\/wp\/v2\/posts"}],"about":[{"href":"https:\/\/tlatelolcounam.mx\/uva\/wp-json\/wp\/v2\/types\/post"}],"author":[{"embeddable":true,"href":"https:\/\/tlatelolcounam.mx\/uva\/wp-json\/wp\/v2\/users\/2"}],"replies":[{"embeddable":true,"href":"https:\/\/tlatelolcounam.mx\/uva\/wp-json\/wp\/v2\/comments?post=1523"}],"version-history":[{"count":10,"href":"https:\/\/tlatelolcounam.mx\/uva\/wp-json\/wp\/v2\/posts\/1523\/revisions"}],"predecessor-version":[{"id":1560,"href":"https:\/\/tlatelolcounam.mx\/uva\/wp-json\/wp\/v2\/posts\/1523\/revisions\/1560"}],"wp:featuredmedia":[{"embeddable":true,"href":"https:\/\/tlatelolcounam.mx\/uva\/wp-json\/wp\/v2\/media\/1531"}],"wp:attachment":[{"href":"https:\/\/tlatelolcounam.mx\/uva\/wp-json\/wp\/v2\/media?parent=1523"}],"wp:term":[{"taxonomy":"category","embeddable":true,"href":"https:\/\/tlatelolcounam.mx\/uva\/wp-json\/wp\/v2\/categories?post=1523"},{"taxonomy":"post_tag","embeddable":true,"href":"https:\/\/tlatelolcounam.mx\/uva\/wp-json\/wp\/v2\/tags?post=1523"}],"curies":[{"name":"wp","href":"https:\/\/api.w.org\/{rel}","templated":true}]}}