{"id":1373,"date":"2021-11-05T09:00:00","date_gmt":"2021-11-05T09:00:00","guid":{"rendered":"https:\/\/tlatelolcounam.mx\/uva\/?p=1373"},"modified":"2021-11-05T01:19:29","modified_gmt":"2021-11-05T01:19:29","slug":"convocatoria_c23y24","status":"publish","type":"post","link":"https:\/\/tlatelolcounam.mx\/uva\/convocatoria_c23y24\/","title":{"rendered":"Resultados convocatoria UVA 2022"},"content":{"rendered":"\n<div class=\"wp-block-group\"><div class=\"wp-block-group__inner-container is-layout-flow wp-block-group-is-layout-flow\">\n<div class=\"wp-block-columns is-layout-flex wp-container-core-columns-is-layout-9d6595d7 wp-block-columns-is-layout-flex\">\n<div class=\"wp-block-column is-layout-flow wp-block-column-is-layout-flow\">\n<div class=\"wp-block-group alignwide\"><div class=\"wp-block-group__inner-container is-layout-flow wp-block-group-is-layout-flow\">\n<div id=\"section-g786642\" class=\"wp-block-gutentor-e1 alignwide section-g786642 gutentor-element gutentor-element-advanced-text\"><div class=\"gutentor-text-wrap\"><p class=\"gutentor-text\">De acuerdo con la convocatoria publicada el 05 de abril de 2021 para la impartici\u00f3n de los talleres que han de sumarse a la programaci\u00f3n de los <strong>Ciclos 23 y 24<\/strong> de la Unidad de Vinculaci\u00f3n Art\u00edstica, el Jurado, conformado por <strong>Carmen Alc\u00e1zar,<\/strong> feminista, polit\u00f3loga \u00a0y wikipedista; <strong>Edith Medina,<\/strong> artista e investigadora biol\u00f3gica; <strong>Julio Garc\u00eda<\/strong>, te\u00f3rico y curador de arte contempor\u00e1neO; <strong>Paola Zavala,<\/strong> Subdirectora de vinculaci\u00f3n y comunidades del CCUT y <strong>Magdala L\u00f3pez<\/strong>, coordinadora general de la UVA, seleccion\u00f3 <strong>17<\/strong> talleres que a su consideraci\u00f3n aportan de manera significativa a la consolidaci\u00f3n de la UVA como espacio alternativo de educaci\u00f3n art\u00edstica y vinculaci\u00f3n comunitaria.<br>\u00a0<br>1.\u00a0\u00a0\u00a0\u00a0 Abigail Damaris Amador Duarte: <em>Haciendo cine desde tu celular. Un acercamiento a ejercicios cinematogr\u00e1ficos profesionales.<\/em><br>2.\u00a0\u00a0\u00a0\u00a0 Abril Hern\u00e1ndez Rodr\u00edguez: <em>La imagen salvaje y las historias invisibles: procesos creativos y producci\u00f3n de ensayos con im\u00e1genes.<\/em><br>3.\u00a0\u00a0\u00a0\u00a0 Ana Mar\u00eda Mart\u00ednez Moctezuma: <em>Taller de clown para personas extraordinarias!!! Clown para personas de la 3a edad.<\/em><br>4.\u00a0\u00a0\u00a0\u00a0 Cecilia P\u00e9rez Urias: <em>Danza Afro- Jarocho<\/em><br>5.\u00a0\u00a0\u00a0\u00a0 Daniela Miranda Res\u00e9ndiz: <em>Laboratorio de teatro para adolescentes [Rehabitar el territorio].<\/em><br>6.\u00a0\u00a0\u00a0\u00a0 Ginn Arias Bello: <em>Geograf\u00eda de la memoria, experimentaci\u00f3n gr\u00e1fica para crear un archivo personal.<\/em><br>7.\u00a0\u00a0\u00a0\u00a0 Jos\u00e9 Santiago Mej\u00eda Guti\u00e9rrez: <em>Animaci\u00f3n gr\u00e1fica: realizaci\u00f3n de un corto animado con la t\u00e9cnica cuadro a cuadro.<\/em><br>8.\u00a0\u00a0\u00a0\u00a0 Joshua Lorena Avila Sicardo: <em>\u00a1Hay nahuales entre nosotros! Taller de sensibilizaci\u00f3n art\u00edstica para ni\u00f1as, ni\u00f1os y adolescentes.<\/em><br>9.\u00a0\u00a0\u00a0\u00a0 Juan Antonio S\u00e1nchez Mart\u00ednez: <em>Artes Circenses (Acrobacia, clown, malabares y manipulaci\u00f3n de bast\u00f3n).<\/em><br>10.\u00a0 Lourdes Yadira Mart\u00ednez Pimentel: <em>Mi bit\u00e1cora de memorias significantes.<\/em><br>11.\u00a0 Luc\u00eda Fernanda Porraz Corbello: Nosotras. <em>Laboratorio interdisciplinario sobre el placer.<\/em><br>12.\u00a0 Mar\u00eda Cerd\u00e1 Acebr\u00f3n: <em>Las Narraciones Familiares. El Lado B de la Historia<\/em><br>13.\u00a0 Natanael Agustin Rosales Rabanales: <em>Bailando a jugar<\/em><br>14.\u00a0 Pen\u00e9lope Pilar Rivera Acevedo: <em>Cosa de Ni\u00f1@S.<\/em><br>15.\u00a0 Rodrigo Zamudio Morales. <em>El maquillaje no tiene g\u00e9nero.<\/em><br>16.\u00a0 Rosa Olivia Serrano S\u00e1nchez:\u00a0 <em>Fotograf\u00eda sin lente e impresi\u00f3n con emulsiones org\u00e1nicas.<\/em><br>17.\u00a0 Yazm\u00edn Citlalli Faustino Garc\u00eda: <em>La Ilustraci\u00f3n Infantil en el Libro \u00c1lbum y el libro ilustrado.<\/em><br>\u00a0<br>En fechas posteriores, la coordinaci\u00f3n de la Unidad de Vinculaci\u00f3n Art\u00edstica se pondr\u00e1 en contacto con los postulantes seleccionados para afinar detalles sobre su colaboraci\u00f3n. De igual forma, el Jurado aprecia el valor de las 104 propuestas participantes y celebra el entusiasmo de los profesionales de las artes que encuentran en la educaci\u00f3n no formal una v\u00eda para incidir de manera positiva en la comunidad inmediata.<br><\/p><\/div><\/div>\n<\/div><\/div>\n\n\n\n<p class=\"has-text-align-center\"><strong>CENTRO CULTURAL UNIVERSITARIO TLATELOLCO<\/strong><br><strong>\u201cPOR MI RAZA HABLAR\u00c1 EL ESP\u00cdRITU\u201d<\/strong><br><strong>CIUDAD DE M\u00c9XICO A 5 DE NOVIEMBRE DE 2021.<\/strong><\/p>\n<\/div>\n<\/div>\n\n\n\n<p>Consulta la <a href=\"https:\/\/tlatelolcounam.mx\/uva\/wp-content\/uploads\/2021\/11\/ConvocatoriaC23y24_RR.pdf\" data-type=\"URL\" data-id=\"https:\/\/tlatelolcounam.mx\/uva\/wp-content\/uploads\/2021\/11\/ConvocatoriaC23y24_RR.pdf\">convocatoria completa <strong>aqu\u00ed<\/strong><\/a><\/p>\n<\/div><\/div>\n\n\n\n<div class=\"wp-block-group is-layout-flow wp-block-group-is-layout-flow\"><div class=\"wp-block-group__inner-container\"><\/div><\/div>\n\n\n\n<section id=\"section-58bcc174-9292-4a6f-a016-35abb501f17a\" class=\"wp-block-gutentor-divider alignwide section-58bcc174-9292-4a6f-a016-35abb501f17a gutentor-element gutentor-section gutentor-divider text-center\"><div class=\"grid-container\"><div class=\"gutentor-divider-box\"><span><svg xmlns=\"http:\/\/www.w3.org\/2000\/svg\" viewBox=\"0 0 240 40\" preserveAspectRatio=\"none\"><path d=\"M123.3 20.9l-2.4 2.4c-.5.5-1.4.5-1.9 0l-2.4-2.4c-.5-.5-.5-1.4 0-1.9l2.4-2.4c.5-.5 1.4-.5 1.9 0l2.4 2.4c.5.6.5 1.4 0 1.9z\"><\/path><path d=\"M169.2 20.8H70.8c-.4 0-.8-.3-.8-.8 0-.4.3-.8.8-.8h98.5c.4 0 .8.3.8.8-.1.4-.4.8-.9.8z\"><\/path><\/svg><\/span><\/div><\/div><\/section>\n\n\n\n<div class=\"wp-block-group alignfull is-layout-flow wp-block-group-is-layout-flow\"><div class=\"wp-block-group__inner-container\"><\/div><\/div>\n","protected":false},"excerpt":{"rendered":"<p>Consulta los resultados de la convocatoria de la UVA para los Ciclos 23 y 24, a llevarse a cabo en 2022.<\/p>\n","protected":false},"author":2,"featured_media":1720,"comment_status":"closed","ping_status":"open","sticky":true,"template":"","format":"standard","meta":{"footnotes":""},"categories":[28],"tags":[32,30,31,29,33],"class_list":["post-1373","post","type-post","status-publish","format-standard","has-post-thumbnail","hentry","category-convocatoria-c23-y-24","tag-32","tag-ciclo-23","tag-ciclo-24","tag-convocatoria","tag-talleresuva","odd"],"gutentor_comment":0,"_links":{"self":[{"href":"https:\/\/tlatelolcounam.mx\/uva\/wp-json\/wp\/v2\/posts\/1373","targetHints":{"allow":["GET"]}}],"collection":[{"href":"https:\/\/tlatelolcounam.mx\/uva\/wp-json\/wp\/v2\/posts"}],"about":[{"href":"https:\/\/tlatelolcounam.mx\/uva\/wp-json\/wp\/v2\/types\/post"}],"author":[{"embeddable":true,"href":"https:\/\/tlatelolcounam.mx\/uva\/wp-json\/wp\/v2\/users\/2"}],"replies":[{"embeddable":true,"href":"https:\/\/tlatelolcounam.mx\/uva\/wp-json\/wp\/v2\/comments?post=1373"}],"version-history":[{"count":31,"href":"https:\/\/tlatelolcounam.mx\/uva\/wp-json\/wp\/v2\/posts\/1373\/revisions"}],"predecessor-version":[{"id":1781,"href":"https:\/\/tlatelolcounam.mx\/uva\/wp-json\/wp\/v2\/posts\/1373\/revisions\/1781"}],"wp:featuredmedia":[{"embeddable":true,"href":"https:\/\/tlatelolcounam.mx\/uva\/wp-json\/wp\/v2\/media\/1720"}],"wp:attachment":[{"href":"https:\/\/tlatelolcounam.mx\/uva\/wp-json\/wp\/v2\/media?parent=1373"}],"wp:term":[{"taxonomy":"category","embeddable":true,"href":"https:\/\/tlatelolcounam.mx\/uva\/wp-json\/wp\/v2\/categories?post=1373"},{"taxonomy":"post_tag","embeddable":true,"href":"https:\/\/tlatelolcounam.mx\/uva\/wp-json\/wp\/v2\/tags?post=1373"}],"curies":[{"name":"wp","href":"https:\/\/api.w.org\/{rel}","templated":true}]}}