{"id":1070,"date":"2020-12-08T18:23:14","date_gmt":"2020-12-08T18:23:14","guid":{"rendered":"https:\/\/tlatelolcounam.mx\/uva\/?p=1070"},"modified":"2020-12-08T18:23:15","modified_gmt":"2020-12-08T18:23:15","slug":"prana-vinyasa-yoga-jornadas-de-cierre-ciclo-2-0","status":"publish","type":"post","link":"https:\/\/tlatelolcounam.mx\/uva\/prana-vinyasa-yoga-jornadas-de-cierre-ciclo-2-0\/","title":{"rendered":"Prana Vinyasa Yoga \/ Jornadas de cierre Ciclo 2.0"},"content":{"rendered":"\n<figure class=\"wp-block-image size-large\"><img loading=\"lazy\" decoding=\"async\" width=\"624\" height=\"421\" src=\"https:\/\/tlatelolcounam.mx\/uva\/wp-content\/uploads\/2020\/12\/image.png\" alt=\"\" class=\"wp-image-1071\" srcset=\"https:\/\/tlatelolcounam.mx\/uva\/wp-content\/uploads\/2020\/12\/image.png 624w, https:\/\/tlatelolcounam.mx\/uva\/wp-content\/uploads\/2020\/12\/image-300x202.png 300w, https:\/\/tlatelolcounam.mx\/uva\/wp-content\/uploads\/2020\/12\/image-150x101.png 150w\" sizes=\"auto, (max-width: 624px) 100vw, 624px\" \/><\/figure>\n\n\n\n<p>Me pas\u00f3 algo similar que con el grupo de Ashtanga. Hab\u00eda resistencia a la plataforma y un par de se\u00f1oras decidieron no usarla nunca. Insistencia a crear grupo de WhatsApp, quiz\u00e1 por la inmediatez y el uso cotidiano que brinda esa aplicaci\u00f3n. Cari\u00f1osamente les expliqu\u00e9 que no era necesario y usar\u00edamos el mismo link de zoom. Solo que en este grupo si me alejo un poco de ellas, que yo tomara esta decisi\u00f3n de no abrir un grupo de Whats. Y huno algunas se\u00f1oras que ya no pude recuperar contacto, por ejemplo.<\/p>\n\n\n\n<p>Zoom fue muy \u00fatil, pero en poblaci\u00f3n mayor, creo que podr\u00eda usar un grupo de whats el siguiente ciclo, e incluir a coordinaci\u00f3n si es necesario, para mantenernos al tanto, y que las se\u00f1oras no sientan que tienen ese problema. Ha sido y seguir\u00e1 siento un periodo de muchos cambios, en la medida de lo posible, hay que acompa\u00f1arnos y fluir hacia el cambio.<\/p>\n\n\n\n<p>Videos y testimoniales quedar\u00e1n registrados en la siguiente p\u00e1gina de Facebook :<a href=\"https:\/\/www.facebook.com\/puropranapuro\">https:\/\/www.facebook.com\/puropranapuro<\/a><\/p>\n\n\n\n<figure class=\"wp-block-image size-large\"><img decoding=\"async\" src=\"https:\/\/tlatelolcounam.mx\/uva\/wp-content\/uploads\/2020\/12\/image-1.png\" alt=\"\" class=\"wp-image-1072\"\/><\/figure>\n\n\n\n<p><\/p>\n","protected":false},"excerpt":{"rendered":"<p>Me pas\u00f3 algo similar que con el grupo de Ashtanga. Hab\u00eda resistencia a la plataforma y un par de se\u00f1oras&nbsp;<a href=\"https:\/\/tlatelolcounam.mx\/uva\/prana-vinyasa-yoga-jornadas-de-cierre-ciclo-2-0\/\">&hellip;<\/a><\/p>\n","protected":false},"author":1,"featured_media":0,"comment_status":"open","ping_status":"open","sticky":false,"template":"","format":"standard","meta":{"footnotes":""},"categories":[26],"tags":[],"class_list":["post-1070","post","type-post","status-publish","format-standard","hentry","category-jornadas-de-cierre-2-0","odd"],"gutentor_comment":0,"_links":{"self":[{"href":"https:\/\/tlatelolcounam.mx\/uva\/wp-json\/wp\/v2\/posts\/1070","targetHints":{"allow":["GET"]}}],"collection":[{"href":"https:\/\/tlatelolcounam.mx\/uva\/wp-json\/wp\/v2\/posts"}],"about":[{"href":"https:\/\/tlatelolcounam.mx\/uva\/wp-json\/wp\/v2\/types\/post"}],"author":[{"embeddable":true,"href":"https:\/\/tlatelolcounam.mx\/uva\/wp-json\/wp\/v2\/users\/1"}],"replies":[{"embeddable":true,"href":"https:\/\/tlatelolcounam.mx\/uva\/wp-json\/wp\/v2\/comments?post=1070"}],"version-history":[{"count":1,"href":"https:\/\/tlatelolcounam.mx\/uva\/wp-json\/wp\/v2\/posts\/1070\/revisions"}],"predecessor-version":[{"id":1073,"href":"https:\/\/tlatelolcounam.mx\/uva\/wp-json\/wp\/v2\/posts\/1070\/revisions\/1073"}],"wp:attachment":[{"href":"https:\/\/tlatelolcounam.mx\/uva\/wp-json\/wp\/v2\/media?parent=1070"}],"wp:term":[{"taxonomy":"category","embeddable":true,"href":"https:\/\/tlatelolcounam.mx\/uva\/wp-json\/wp\/v2\/categories?post=1070"},{"taxonomy":"post_tag","embeddable":true,"href":"https:\/\/tlatelolcounam.mx\/uva\/wp-json\/wp\/v2\/tags?post=1070"}],"curies":[{"name":"wp","href":"https:\/\/api.w.org\/{rel}","templated":true}]}}