{"id":1060,"date":"2020-12-07T21:40:58","date_gmt":"2020-12-07T21:40:58","guid":{"rendered":"https:\/\/tlatelolcounam.mx\/uva\/?p=1060"},"modified":"2020-12-07T21:41:00","modified_gmt":"2020-12-07T21:41:00","slug":"taller-de-hatha-yoga-testimonio-colectivo","status":"publish","type":"post","link":"https:\/\/tlatelolcounam.mx\/uva\/taller-de-hatha-yoga-testimonio-colectivo\/","title":{"rendered":"Taller de Hatha Yoga-Testimonio colectivo."},"content":{"rendered":"\n<p>Georgina MJ<br>En un principio me resist\u00eda a hacer la clase en l\u00ednea, no me gusta lo impersonal que<br>es. Pero este curso me ense\u00f1\u00f3 sobre todo: adaptaci\u00f3n y paciencia.<br>Me ense\u00f1\u00f3 a tener fuerza para seguir haciendo lo que me gusta a pesar de las<br>circunstancias y a ser m\u00e1s positiva.<br>F\u00edsicamente estoy recobrando mi flexibilidad y fuerza, haberlo dejado solo por unos<br>meses parece mucho cuando lo retome, pero me siento muy bien porque creo que<br>contin\u00fao progresando.<br>Lupita eres una gran maestra y un lindo ser humano, muchas gracias por tus<br>ense\u00f1anzas y tus esfuerzos.<\/p>\n\n\n\n<figure class=\"wp-block-image size-large\"><img loading=\"lazy\" decoding=\"async\" width=\"1024\" height=\"576\" src=\"https:\/\/tlatelolcounam.mx\/uva\/wp-content\/uploads\/2020\/12\/VID_20201121_094528_exported_121346_1606001226833-1024x576.jpg\" alt=\"\" class=\"wp-image-1061\" srcset=\"https:\/\/tlatelolcounam.mx\/uva\/wp-content\/uploads\/2020\/12\/VID_20201121_094528_exported_121346_1606001226833-1024x576.jpg 1024w, https:\/\/tlatelolcounam.mx\/uva\/wp-content\/uploads\/2020\/12\/VID_20201121_094528_exported_121346_1606001226833-300x169.jpg 300w, https:\/\/tlatelolcounam.mx\/uva\/wp-content\/uploads\/2020\/12\/VID_20201121_094528_exported_121346_1606001226833-768x432.jpg 768w, https:\/\/tlatelolcounam.mx\/uva\/wp-content\/uploads\/2020\/12\/VID_20201121_094528_exported_121346_1606001226833-150x84.jpg 150w, https:\/\/tlatelolcounam.mx\/uva\/wp-content\/uploads\/2020\/12\/VID_20201121_094528_exported_121346_1606001226833.jpg 1138w\" sizes=\"auto, (max-width: 1024px) 100vw, 1024px\" \/><\/figure>\n\n\n\n<p>Naomi Hsk<br>Este ciclo de yoga lo he disfrutado much\u00edsimo. Me sorprendi\u00f3 que a\u00fan en l\u00ednea la<br>profesora pod\u00eda verme y corregirme. Siento que mi fuerza, flexibilidad y equilibrio<br>han mejorado sustancialmente y estoy muy contenta de que he podido lograr<br>posturas nuevas que me daba miedo intentar, como el parado de cabeza o el<br>sentado inverso. Tambi\u00e9n entend\u00ed cosas importantes sobre el yoga y sobre m\u00ed<br>misma. Estoy agradecida de que este curso haya llegado en esta \u00e9poca de<br>confinamiento, pues ha sido una gran herramienta para mantenerse saludable f\u00edsica<br>y mentalmente. <\/p>\n\n\n\n<p>Angelica Basurto Marina<br>La clase de yoga aparte de que me gusta, ha sido de grandes beneficios no solo<br>para mi cuerpo tambi\u00e9n para mi mente y mi esp\u00edritu, he aprendido a tener m\u00e1s<br>conexi\u00f3n con Dios y conmigo misma, a conocerme mejor y entender que en la vida<br>los l\u00edmites, f\u00edsicos y mentales, los pones t\u00fa!<br>Yoga tambi\u00e9n estuvo conmigo en mi proceso de cuarenta por covid! Y creo que<br>gracias al yoga todo pas\u00f3 sin ning\u00fan tipo de complicaci\u00f3n! \u00a1 Gracias a Dios!<br>Gracias a la UVA y sobre todo!<\/p>\n\n\n\n<figure class=\"wp-block-gallery columns-1 is-cropped wp-block-gallery-1 is-layout-flex wp-block-gallery-is-layout-flex\"><ul class=\"blocks-gallery-grid\"><li class=\"blocks-gallery-item\"><figure><img loading=\"lazy\" decoding=\"async\" width=\"436\" height=\"582\" src=\"https:\/\/tlatelolcounam.mx\/uva\/wp-content\/uploads\/2020\/12\/25-nov-2020-18_43-1.png\" alt=\"\" data-id=\"1064\" data-full-url=\"https:\/\/tlatelolcounam.mx\/uva\/wp-content\/uploads\/2020\/12\/25-nov-2020-18_43-1.png\" data-link=\"https:\/\/tlatelolcounam.mx\/uva\/?attachment_id=1064\" class=\"wp-image-1064\" srcset=\"https:\/\/tlatelolcounam.mx\/uva\/wp-content\/uploads\/2020\/12\/25-nov-2020-18_43-1.png 436w, https:\/\/tlatelolcounam.mx\/uva\/wp-content\/uploads\/2020\/12\/25-nov-2020-18_43-1-225x300.png 225w, https:\/\/tlatelolcounam.mx\/uva\/wp-content\/uploads\/2020\/12\/25-nov-2020-18_43-1-112x150.png 112w\" sizes=\"auto, (max-width: 436px) 100vw, 436px\" \/><\/figure><\/li><\/ul><\/figure>\n\n\n\n<p>Laura Diaz<br>Hola, para mi la clase de yoga representa un tiempo del d\u00eda importante que tom\u00f3<br>solamente para mi, es un espacio que me permite dejar de enfocarme en el exterior<br>y lograr conectar con mi cuerpo y con mi mente, en las posturas conozco mis l\u00edmites<br>f\u00edsicos y mentales, algunos los he logrado pasar otros sigo trabajando. En cuanto a<br>este ciclo que fue puramente en casa me enfrente a ciertos inconvenientes de<br>espacio y ruido exterior para las posturas y la concentraci\u00f3n, pero as\u00ed como yoga da<br>flexibilidad de cuerpo, lo he logrado de mente y bueno\u2026 solo ha sido cuesti\u00f3n de<br>acoplarme a lo que tengo y agradecerlo y no tomar en cuenta lo que no. Y bueno<br>con el ruido ha sido un reto a vencer para mantener mi concentraci\u00f3n y lo he<br>logrado. Gracias a Lupita por su esfuerzo y paciencia, a todas y cada una de las<br>compa\u00f1eras que a\u00fan a la distancia coincidimos y compartimos este gran gusto por<br>el yoga y Gracias a la UVA por el espacio. \u00a1Gracias!<\/p>\n","protected":false},"excerpt":{"rendered":"<p>Georgina MJEn un principio me resist\u00eda a hacer la clase en l\u00ednea, no me gusta lo impersonal quees. Pero este&nbsp;<a href=\"https:\/\/tlatelolcounam.mx\/uva\/taller-de-hatha-yoga-testimonio-colectivo\/\">&hellip;<\/a><\/p>\n","protected":false},"author":1,"featured_media":0,"comment_status":"open","ping_status":"open","sticky":false,"template":"","format":"standard","meta":{"footnotes":""},"categories":[26],"tags":[],"class_list":["post-1060","post","type-post","status-publish","format-standard","hentry","category-jornadas-de-cierre-2-0","odd"],"gutentor_comment":0,"_links":{"self":[{"href":"https:\/\/tlatelolcounam.mx\/uva\/wp-json\/wp\/v2\/posts\/1060","targetHints":{"allow":["GET"]}}],"collection":[{"href":"https:\/\/tlatelolcounam.mx\/uva\/wp-json\/wp\/v2\/posts"}],"about":[{"href":"https:\/\/tlatelolcounam.mx\/uva\/wp-json\/wp\/v2\/types\/post"}],"author":[{"embeddable":true,"href":"https:\/\/tlatelolcounam.mx\/uva\/wp-json\/wp\/v2\/users\/1"}],"replies":[{"embeddable":true,"href":"https:\/\/tlatelolcounam.mx\/uva\/wp-json\/wp\/v2\/comments?post=1060"}],"version-history":[{"count":1,"href":"https:\/\/tlatelolcounam.mx\/uva\/wp-json\/wp\/v2\/posts\/1060\/revisions"}],"predecessor-version":[{"id":1065,"href":"https:\/\/tlatelolcounam.mx\/uva\/wp-json\/wp\/v2\/posts\/1060\/revisions\/1065"}],"wp:attachment":[{"href":"https:\/\/tlatelolcounam.mx\/uva\/wp-json\/wp\/v2\/media?parent=1060"}],"wp:term":[{"taxonomy":"category","embeddable":true,"href":"https:\/\/tlatelolcounam.mx\/uva\/wp-json\/wp\/v2\/categories?post=1060"},{"taxonomy":"post_tag","embeddable":true,"href":"https:\/\/tlatelolcounam.mx\/uva\/wp-json\/wp\/v2\/tags?post=1060"}],"curies":[{"name":"wp","href":"https:\/\/api.w.org\/{rel}","templated":true}]}}