{"id":6293,"global_id":"tlatelolcounam.mx\/uva?id=6293","global_id_lineage":["tlatelolcounam.mx\/uva?id=6293"],"author":"2","status":"publish","date":"2025-08-27 23:59:49","date_utc":"2025-08-27 23:59:49","modified":"2025-08-27 23:59:49","modified_utc":"2025-08-27 23:59:49","url":"https:\/\/tlatelolcounam.mx\/uva\/event\/kpop-stories-25-09-06\/","rest_url":"https:\/\/tlatelolcounam.mx\/uva\/wp-json\/tribe\/events\/v1\/events\/6293","title":"\ud83d\udc69\ud83c\udffb\u200d\ud83c\udfa4 \ud83c\udf99\ufe0f\ud83c\udfb6\ud83d\udcdaK-POP STORIES: La mediaci\u00f3n en el K-Pop","description":"<p><span style=\"font-weight: 400;\">Sesi\u00f3n dedicada a identificar las posibilidades de mediaci\u00f3n cultural y lectora del K-Pop.<\/span><\/p>\n<p><span style=\"font-weight: 400;\"> \u00a1\u00danete a nuestro Discord: https:\/\/discord.gg\/uTcWU6SKu6!<\/span><\/p>","excerpt":"","slug":"kpop-stories-25-09-06","image":{"url":"https:\/\/tlatelolcounam.mx\/uva\/wp-content\/uploads\/2025\/08\/9-DE-SEPTIEMBRE-UVA-scaled.jpg","id":6277,"extension":"jpg","width":2048,"height":2560,"filesize":573187,"sizes":{"thumbnail":{"width":150,"height":150,"mime-type":"image\/jpeg","url":"https:\/\/tlatelolcounam.mx\/uva\/wp-content\/uploads\/2025\/08\/9-DE-SEPTIEMBRE-UVA-scaled-150x150.jpg"},"medium":{"width":240,"height":300,"mime-type":"image\/jpeg","url":"https:\/\/tlatelolcounam.mx\/uva\/wp-content\/uploads\/2025\/08\/9-DE-SEPTIEMBRE-UVA-scaled-240x300.jpg"},"large":{"width":819,"height":1024,"mime-type":"image\/jpeg","url":"https:\/\/tlatelolcounam.mx\/uva\/wp-content\/uploads\/2025\/08\/9-DE-SEPTIEMBRE-UVA-scaled-819x1024.jpg"},"post-thumbnail":{"width":120,"height":150,"mime-type":"image\/jpeg","url":"https:\/\/tlatelolcounam.mx\/uva\/wp-content\/uploads\/2025\/08\/9-DE-SEPTIEMBRE-UVA-scaled-120x150.jpg"},"1536x1536":{"width":1229,"height":1536,"mime-type":"image\/jpeg","url":"https:\/\/tlatelolcounam.mx\/uva\/wp-content\/uploads\/2025\/08\/9-DE-SEPTIEMBRE-UVA-scaled-1229x1536.jpg"},"2048x2048":{"width":1638,"height":2048,"mime-type":"image\/jpeg","url":"https:\/\/tlatelolcounam.mx\/uva\/wp-content\/uploads\/2025\/08\/9-DE-SEPTIEMBRE-UVA-scaled-1638x2048.jpg"},"superwise-featured-image":{"width":895,"height":430,"mime-type":"image\/jpeg","url":"https:\/\/tlatelolcounam.mx\/uva\/wp-content\/uploads\/2025\/08\/9-DE-SEPTIEMBRE-UVA-scaled-895x430.jpg"},"superwise-medium":{"width":768,"height":510,"mime-type":"image\/jpeg","url":"https:\/\/tlatelolcounam.mx\/uva\/wp-content\/uploads\/2025\/08\/9-DE-SEPTIEMBRE-UVA-scaled-768x510.jpg"},"superwise-square":{"width":768,"height":768,"mime-type":"image\/jpeg","url":"https:\/\/tlatelolcounam.mx\/uva\/wp-content\/uploads\/2025\/08\/9-DE-SEPTIEMBRE-UVA-scaled-768x768.jpg"},"superwise-square-small":{"width":420,"height":420,"mime-type":"image\/jpeg","url":"https:\/\/tlatelolcounam.mx\/uva\/wp-content\/uploads\/2025\/08\/9-DE-SEPTIEMBRE-UVA-scaled-420x420.jpg"}},"original_image":"9-DE-SEPTIEMBRE-UVA.jpg"},"all_day":false,"start_date":"2025-09-09 18:30:00","start_date_details":{"year":"2025","month":"09","day":"09","hour":"18","minutes":"30","seconds":"00"},"end_date":"2025-09-09 20:00:00","end_date_details":{"year":"2025","month":"09","day":"09","hour":"20","minutes":"00","seconds":"00"},"utc_start_date":"2025-09-09 18:30:00","utc_start_date_details":{"year":"2025","month":"09","day":"09","hour":"18","minutes":"30","seconds":"00"},"utc_end_date":"2025-09-09 20:00:00","utc_end_date_details":{"year":"2025","month":"09","day":"09","hour":"20","minutes":"00","seconds":"00"},"timezone":"UTC+0","timezone_abbr":"UTC+0","cost":"","cost_details":{"currency_symbol":"$","currency_code":"USD","currency_position":"prefix","values":[]},"website":"https:\/\/www.youtube.com\/user\/UVACCUT","show_map":false,"show_map_link":false,"hide_from_listings":false,"sticky":true,"featured":false,"categories":[{"name":"Cartelera","slug":"cartelera","term_group":0,"term_taxonomy_id":39,"taxonomy":"tribe_events_cat","description":"","parent":0,"count":356,"filter":"raw","id":39,"urls":{"self":"https:\/\/tlatelolcounam.mx\/uva\/wp-json\/tribe\/events\/v1\/categories\/39","collection":"https:\/\/tlatelolcounam.mx\/uva\/wp-json\/tribe\/events\/v1\/categories"}}],"tags":[{"name":"Cartelera","slug":"cartelera","term_group":0,"term_taxonomy_id":42,"taxonomy":"post_tag","description":"","parent":0,"count":319,"filter":"raw","id":42,"urls":{"self":"https:\/\/tlatelolcounam.mx\/uva\/wp-json\/tribe\/events\/v1\/tags\/42","collection":"https:\/\/tlatelolcounam.mx\/uva\/wp-json\/tribe\/events\/v1\/tags"}},{"name":"J\u00f3venes","slug":"jovenes","term_group":0,"term_taxonomy_id":54,"taxonomy":"post_tag","description":"","parent":0,"count":73,"filter":"raw","id":54,"urls":{"self":"https:\/\/tlatelolcounam.mx\/uva\/wp-json\/tribe\/events\/v1\/tags\/54","collection":"https:\/\/tlatelolcounam.mx\/uva\/wp-json\/tribe\/events\/v1\/tags"}},{"name":"k-pop stories","slug":"k-pop-stories","term_group":0,"term_taxonomy_id":49,"taxonomy":"post_tag","description":"","parent":0,"count":28,"filter":"raw","id":49,"urls":{"self":"https:\/\/tlatelolcounam.mx\/uva\/wp-json\/tribe\/events\/v1\/tags\/49","collection":"https:\/\/tlatelolcounam.mx\/uva\/wp-json\/tribe\/events\/v1\/tags"}},{"name":"tertulias bibliomusicales","slug":"tertulias-bibliomusicales","term_group":0,"term_taxonomy_id":50,"taxonomy":"post_tag","description":"","parent":0,"count":28,"filter":"raw","id":50,"urls":{"self":"https:\/\/tlatelolcounam.mx\/uva\/wp-json\/tribe\/events\/v1\/tags\/50","collection":"https:\/\/tlatelolcounam.mx\/uva\/wp-json\/tribe\/events\/v1\/tags"}}],"venue":{"id":2522,"author":"2","status":"publish","date":"2022-02-28 18:37:20","date_utc":"2022-02-28 18:37:20","modified":"2022-02-28 18:39:50","modified_utc":"2022-02-28 18:39:50","url":"https:\/\/tlatelolcounam.mx\/uva\/lugar\/unidad-de-vinculacion-artistica\/","venue":"Unidad de Vinculaci\u00f3n Art\u00edstica","slug":"unidad-de-vinculacion-artistica","address":"Ricardo Flores Mag\u00f3n #1, Col. Nonoalco-Tlatelolco","city":"Ciudad de M\u00e9xico","country":"Mexico","province":"Ciudad de M\u00e9xico","zip":"06995","stateprovince":"Ciudad de M\u00e9xico","json_ld":{"@type":"Place","name":"Unidad de Vinculaci\u00f3n Art\u00edstica","description":"","url":"","address":{"@type":"PostalAddress","streetAddress":"Ricardo Flores Mag\u00f3n #1, Col. Nonoalco-Tlatelolco","addressLocality":"Ciudad de M\u00e9xico","addressRegion":"Ciudad de M\u00e9xico","postalCode":"06995","addressCountry":"Mexico"},"telephone":"","sameAs":""},"show_map":true,"show_map_link":true,"global_id":"tlatelolcounam.mx\/uva?id=2522","global_id_lineage":["tlatelolcounam.mx\/uva?id=2522"]},"organizer":[{"id":1924,"author":"2","status":"publish","date":"2021-12-15 00:58:57","date_utc":"2021-12-15 00:58:57","modified":"2021-12-15 00:58:57","modified_utc":"2021-12-15 00:58:57","url":"https:\/\/tlatelolcounam.mx\/uva\/organizador\/biblioteca-alaide-foppa\/","organizer":"Biblioteca Ala\u00edde Foppa","slug":"biblioteca-alaide-foppa","email":"biblio.foppa.ccut@gmail.com","json_ld":{"@type":"Person","name":"Biblioteca Ala\u00edde Foppa","description":"","url":"","telephone":"","email":"b&#105;blio&#46;&#102;&#111;p&#112;a.&#99;&#99;u&#116;&#64;gmai&#108;.&#99;&#111;&#109;","sameAs":""},"global_id":"tlatelolcounam.mx\/uva?id=1924","global_id_lineage":["tlatelolcounam.mx\/uva?id=1924"]}],"custom_fields":[],"json_ld":{"@context":"http:\/\/schema.org","@type":"Event","name":"\ud83d\udc69\ud83c\udffb\u200d\ud83c\udfa4 \ud83c\udf99\ufe0f\ud83c\udfb6\ud83d\udcdaK-POP STORIES: La mediaci\u00f3n en el K-Pop","description":"&lt;p&gt;Sesi\u00f3n dedicada a identificar las posibilidades de mediaci\u00f3n cultural y lectora del K-Pop. \u00a1\u00danete a nuestro Discord: https:\/\/discord.gg\/uTcWU6SKu6!&lt;\/p&gt;\\n","image":"https:\/\/tlatelolcounam.mx\/uva\/wp-content\/uploads\/2025\/08\/9-DE-SEPTIEMBRE-UVA-scaled.jpg","url":"https:\/\/tlatelolcounam.mx\/uva\/event\/kpop-stories-25-09-06\/","eventAttendanceMode":"https:\/\/schema.org\/OfflineEventAttendanceMode","eventStatus":"https:\/\/schema.org\/EventScheduled","startDate":"2025-09-09T18:30:00+00:00","endDate":"2025-09-09T20:00:00+00:00","location":{"@type":"Place","name":"Unidad de Vinculaci\u00f3n Art\u00edstica","description":"","url":"","address":{"@type":"PostalAddress","streetAddress":"Ricardo Flores Mag\u00f3n #1, Col. Nonoalco-Tlatelolco","addressLocality":"Ciudad de M\u00e9xico","addressRegion":"Ciudad de M\u00e9xico","postalCode":"06995","addressCountry":"Mexico"},"telephone":"","sameAs":""},"organizer":{"@type":"Person","name":"Biblioteca Ala\u00edde Foppa","description":"","url":"","telephone":"","email":"bib&#108;io.&#102;&#111;p&#112;&#97;&#46;&#99;cu&#116;&#64;&#103;&#109;&#97;il&#46;co&#109;","sameAs":""},"performer":"Organization"}}