{"id":5988,"global_id":"tlatelolcounam.mx\/uva?id=5988","global_id_lineage":["tlatelolcounam.mx\/uva?id=5988"],"author":"2","status":"publish","date":"2025-05-05 20:02:13","date_utc":"2025-05-05 20:02:13","modified":"2025-05-05 20:02:33","modified_utc":"2025-05-05 20:02:33","url":"https:\/\/tlatelolcounam.mx\/uva\/event\/kpop-stories-25-05-04\/","rest_url":"https:\/\/tlatelolcounam.mx\/uva\/wp-json\/tribe\/events\/v1\/events\/5988","title":"\ud83d\udc69\ud83c\udffb\u200d\ud83c\udfa4 \ud83c\udf99\ufe0f\ud83c\udfb6\ud83d\udcdaK-POP STORIES: K-Pop transatl\u00e1ntico. De la internacionalizaci\u00f3n a la apropiaci\u00f3n","description":"<p><span style=\"font-weight: 400;\">Sesi\u00f3n dedicada a identificar las din\u00e1micas propias de los fandoms de M\u00e9xico para vivir el K-Pop.<\/span><\/p>\n<p><span style=\"font-weight: 400;\"> \u00a1\u00danete a nuestro Discord: https:\/\/discord.gg\/uTcWU6SKu6!<\/span><\/p>","excerpt":"","slug":"kpop-stories-25-05-04","image":{"url":"https:\/\/tlatelolcounam.mx\/uva\/wp-content\/uploads\/2025\/04\/13-DE-MAYO.png","id":5949,"extension":"png","width":2250,"height":2813,"filesize":1012590,"sizes":{"thumbnail":{"width":150,"height":150,"mime-type":"image\/png","url":"https:\/\/tlatelolcounam.mx\/uva\/wp-content\/uploads\/2025\/04\/13-DE-MAYO-150x150.png"},"medium":{"width":240,"height":300,"mime-type":"image\/png","url":"https:\/\/tlatelolcounam.mx\/uva\/wp-content\/uploads\/2025\/04\/13-DE-MAYO-240x300.png"},"large":{"width":819,"height":1024,"mime-type":"image\/png","url":"https:\/\/tlatelolcounam.mx\/uva\/wp-content\/uploads\/2025\/04\/13-DE-MAYO-819x1024.png"},"superwise-featured-image":{"width":895,"height":430,"mime-type":"image\/png","url":"https:\/\/tlatelolcounam.mx\/uva\/wp-content\/uploads\/2025\/04\/13-DE-MAYO-895x430.png"},"post-thumbnail":{"width":120,"height":150,"mime-type":"image\/png","url":"https:\/\/tlatelolcounam.mx\/uva\/wp-content\/uploads\/2025\/04\/13-DE-MAYO-120x150.png"},"1536x1536":{"width":1229,"height":1536,"mime-type":"image\/png","url":"https:\/\/tlatelolcounam.mx\/uva\/wp-content\/uploads\/2025\/04\/13-DE-MAYO-1229x1536.png"},"2048x2048":{"width":1638,"height":2048,"mime-type":"image\/png","url":"https:\/\/tlatelolcounam.mx\/uva\/wp-content\/uploads\/2025\/04\/13-DE-MAYO-1638x2048.png"},"superwise-medium":{"width":768,"height":510,"mime-type":"image\/png","url":"https:\/\/tlatelolcounam.mx\/uva\/wp-content\/uploads\/2025\/04\/13-DE-MAYO-768x510.png"},"superwise-square":{"width":768,"height":768,"mime-type":"image\/png","url":"https:\/\/tlatelolcounam.mx\/uva\/wp-content\/uploads\/2025\/04\/13-DE-MAYO-768x768.png"},"superwise-square-small":{"width":420,"height":420,"mime-type":"image\/png","url":"https:\/\/tlatelolcounam.mx\/uva\/wp-content\/uploads\/2025\/04\/13-DE-MAYO-420x420.png"}}},"all_day":false,"start_date":"2025-05-13 18:30:00","start_date_details":{"year":"2025","month":"05","day":"13","hour":"18","minutes":"30","seconds":"00"},"end_date":"2025-05-13 20:00:00","end_date_details":{"year":"2025","month":"05","day":"13","hour":"20","minutes":"00","seconds":"00"},"utc_start_date":"2025-05-13 18:30:00","utc_start_date_details":{"year":"2025","month":"05","day":"13","hour":"18","minutes":"30","seconds":"00"},"utc_end_date":"2025-05-13 20:00:00","utc_end_date_details":{"year":"2025","month":"05","day":"13","hour":"20","minutes":"00","seconds":"00"},"timezone":"UTC+0","timezone_abbr":"UTC+0","cost":"","cost_details":{"currency_symbol":"$","currency_code":"USD","currency_position":"prefix","values":[]},"website":"https:\/\/www.youtube.com\/user\/UVACCUT","show_map":false,"show_map_link":false,"hide_from_listings":false,"sticky":true,"featured":false,"categories":[{"name":"Cartelera","slug":"cartelera","term_group":0,"term_taxonomy_id":39,"taxonomy":"tribe_events_cat","description":"","parent":0,"count":356,"filter":"raw","id":39,"urls":{"self":"https:\/\/tlatelolcounam.mx\/uva\/wp-json\/tribe\/events\/v1\/categories\/39","collection":"https:\/\/tlatelolcounam.mx\/uva\/wp-json\/tribe\/events\/v1\/categories"}}],"tags":[{"name":"Cartelera","slug":"cartelera","term_group":0,"term_taxonomy_id":42,"taxonomy":"post_tag","description":"","parent":0,"count":319,"filter":"raw","id":42,"urls":{"self":"https:\/\/tlatelolcounam.mx\/uva\/wp-json\/tribe\/events\/v1\/tags\/42","collection":"https:\/\/tlatelolcounam.mx\/uva\/wp-json\/tribe\/events\/v1\/tags"}},{"name":"J\u00f3venes","slug":"jovenes","term_group":0,"term_taxonomy_id":54,"taxonomy":"post_tag","description":"","parent":0,"count":73,"filter":"raw","id":54,"urls":{"self":"https:\/\/tlatelolcounam.mx\/uva\/wp-json\/tribe\/events\/v1\/tags\/54","collection":"https:\/\/tlatelolcounam.mx\/uva\/wp-json\/tribe\/events\/v1\/tags"}},{"name":"k-pop stories","slug":"k-pop-stories","term_group":0,"term_taxonomy_id":49,"taxonomy":"post_tag","description":"","parent":0,"count":28,"filter":"raw","id":49,"urls":{"self":"https:\/\/tlatelolcounam.mx\/uva\/wp-json\/tribe\/events\/v1\/tags\/49","collection":"https:\/\/tlatelolcounam.mx\/uva\/wp-json\/tribe\/events\/v1\/tags"}},{"name":"tertulias bibliomusicales","slug":"tertulias-bibliomusicales","term_group":0,"term_taxonomy_id":50,"taxonomy":"post_tag","description":"","parent":0,"count":28,"filter":"raw","id":50,"urls":{"self":"https:\/\/tlatelolcounam.mx\/uva\/wp-json\/tribe\/events\/v1\/tags\/50","collection":"https:\/\/tlatelolcounam.mx\/uva\/wp-json\/tribe\/events\/v1\/tags"}}],"venue":{"id":2522,"author":"2","status":"publish","date":"2022-02-28 18:37:20","date_utc":"2022-02-28 18:37:20","modified":"2022-02-28 18:39:50","modified_utc":"2022-02-28 18:39:50","url":"https:\/\/tlatelolcounam.mx\/uva\/lugar\/unidad-de-vinculacion-artistica\/","venue":"Unidad de Vinculaci\u00f3n Art\u00edstica","slug":"unidad-de-vinculacion-artistica","address":"Ricardo Flores Mag\u00f3n #1, Col. Nonoalco-Tlatelolco","city":"Ciudad de M\u00e9xico","country":"Mexico","province":"Ciudad de M\u00e9xico","zip":"06995","stateprovince":"Ciudad de M\u00e9xico","json_ld":{"@type":"Place","name":"Unidad de Vinculaci\u00f3n Art\u00edstica","description":"","url":"","address":{"@type":"PostalAddress","streetAddress":"Ricardo Flores Mag\u00f3n #1, Col. Nonoalco-Tlatelolco","addressLocality":"Ciudad de M\u00e9xico","addressRegion":"Ciudad de M\u00e9xico","postalCode":"06995","addressCountry":"Mexico"},"telephone":"","sameAs":""},"show_map":true,"show_map_link":true,"global_id":"tlatelolcounam.mx\/uva?id=2522","global_id_lineage":["tlatelolcounam.mx\/uva?id=2522"]},"organizer":[{"id":1924,"author":"2","status":"publish","date":"2021-12-15 00:58:57","date_utc":"2021-12-15 00:58:57","modified":"2021-12-15 00:58:57","modified_utc":"2021-12-15 00:58:57","url":"https:\/\/tlatelolcounam.mx\/uva\/organizador\/biblioteca-alaide-foppa\/","organizer":"Biblioteca Ala\u00edde Foppa","slug":"biblioteca-alaide-foppa","email":"biblio.foppa.ccut@gmail.com","json_ld":{"@type":"Person","name":"Biblioteca Ala\u00edde Foppa","description":"","url":"","telephone":"","email":"&#98;iblio.&#102;&#111;p&#112;a.cc&#117;&#116;&#64;g&#109;a&#105;&#108;&#46;c&#111;&#109;","sameAs":""},"global_id":"tlatelolcounam.mx\/uva?id=1924","global_id_lineage":["tlatelolcounam.mx\/uva?id=1924"]}],"custom_fields":[],"json_ld":{"@context":"http:\/\/schema.org","@type":"Event","name":"\ud83d\udc69\ud83c\udffb\u200d\ud83c\udfa4 \ud83c\udf99\ufe0f\ud83c\udfb6\ud83d\udcdaK-POP STORIES: K-Pop transatl\u00e1ntico. De la internacionalizaci\u00f3n a la apropiaci\u00f3n","description":"&lt;p&gt;Sesi\u00f3n dedicada a identificar las din\u00e1micas propias de los fandoms de M\u00e9xico para vivir el K-Pop. \u00a1\u00danete a nuestro Discord:&nbsp;&lt;a href=&quot;https:\/\/tlatelolcounam.mx\/uva\/event\/kpop-stories-25-05-04\/&quot;&gt;&hellip;&lt;\/a&gt;&lt;\/p&gt;\\n","image":"https:\/\/tlatelolcounam.mx\/uva\/wp-content\/uploads\/2025\/04\/13-DE-MAYO.png","url":"https:\/\/tlatelolcounam.mx\/uva\/event\/kpop-stories-25-05-04\/","eventAttendanceMode":"https:\/\/schema.org\/OfflineEventAttendanceMode","eventStatus":"https:\/\/schema.org\/EventScheduled","startDate":"2025-05-13T18:30:00+00:00","endDate":"2025-05-13T20:00:00+00:00","location":{"@type":"Place","name":"Unidad de Vinculaci\u00f3n Art\u00edstica","description":"","url":"","address":{"@type":"PostalAddress","streetAddress":"Ricardo Flores Mag\u00f3n #1, Col. Nonoalco-Tlatelolco","addressLocality":"Ciudad de M\u00e9xico","addressRegion":"Ciudad de M\u00e9xico","postalCode":"06995","addressCountry":"Mexico"},"telephone":"","sameAs":""},"organizer":{"@type":"Person","name":"Biblioteca Ala\u00edde Foppa","description":"","url":"","telephone":"","email":"b&#105;&#98;l&#105;&#111;.&#102;o&#112;&#112;&#97;&#46;cc&#117;t&#64;gm&#97;il&#46;co&#109;","sameAs":""},"performer":"Organization"}}