{"id":5978,"global_id":"tlatelolcounam.mx\/uva?id=5978","global_id_lineage":["tlatelolcounam.mx\/uva?id=5978"],"author":"2","status":"publish","date":"2025-05-05 19:50:41","date_utc":"2025-05-05 19:50:41","modified":"2025-05-05 19:50:41","modified_utc":"2025-05-05 19:50:41","url":"https:\/\/tlatelolcounam.mx\/uva\/event\/libros-que-abrazan-25-05-08\/","rest_url":"https:\/\/tlatelolcounam.mx\/uva\/wp-json\/tribe\/events\/v1\/events\/5978","title":"\ud83d\udc76\ud83c\udffd\ud83d\udcd6 LIBROS QUE ABRAZAN","description":"<p>Acomp\u00e1\u00f1anos y escuchemos las historias y consejos de la extraordinaria Ruth Galicia, mediadora de amplia experiencia y especializada en primeras infancias, desde el vientre hasta los 3 a\u00f1os, y los procesos de la lectura colectiva.<\/p>\n<p>\u00bfTienes dudas, inquietudes o quieres compartir experiencias propias con tu beb\u00e9 y sus lecturas? \u00a1Este es el espacio para ustedes!<\/p>\n<p>&nbsp;<\/p>\n<p>&nbsp;<\/p>","excerpt":"","slug":"libros-que-abrazan-25-05-08","image":{"url":"https:\/\/tlatelolcounam.mx\/uva\/wp-content\/uploads\/2025\/04\/7142128-DE-MAYO-UVA-scaled.jpg","id":5948,"extension":"jpg","width":2048,"height":2560,"filesize":475071,"sizes":{"thumbnail":{"width":150,"height":150,"mime-type":"image\/jpeg","url":"https:\/\/tlatelolcounam.mx\/uva\/wp-content\/uploads\/2025\/04\/7142128-DE-MAYO-UVA-scaled-150x150.jpg"},"medium":{"width":240,"height":300,"mime-type":"image\/jpeg","url":"https:\/\/tlatelolcounam.mx\/uva\/wp-content\/uploads\/2025\/04\/7142128-DE-MAYO-UVA-scaled-240x300.jpg"},"large":{"width":819,"height":1024,"mime-type":"image\/jpeg","url":"https:\/\/tlatelolcounam.mx\/uva\/wp-content\/uploads\/2025\/04\/7142128-DE-MAYO-UVA-scaled-819x1024.jpg"},"post-thumbnail":{"width":120,"height":150,"mime-type":"image\/jpeg","url":"https:\/\/tlatelolcounam.mx\/uva\/wp-content\/uploads\/2025\/04\/7142128-DE-MAYO-UVA-scaled-120x150.jpg"},"1536x1536":{"width":1229,"height":1536,"mime-type":"image\/jpeg","url":"https:\/\/tlatelolcounam.mx\/uva\/wp-content\/uploads\/2025\/04\/7142128-DE-MAYO-UVA-scaled-1229x1536.jpg"},"2048x2048":{"width":1638,"height":2048,"mime-type":"image\/jpeg","url":"https:\/\/tlatelolcounam.mx\/uva\/wp-content\/uploads\/2025\/04\/7142128-DE-MAYO-UVA-scaled-1638x2048.jpg"},"superwise-featured-image":{"width":895,"height":430,"mime-type":"image\/jpeg","url":"https:\/\/tlatelolcounam.mx\/uva\/wp-content\/uploads\/2025\/04\/7142128-DE-MAYO-UVA-scaled-895x430.jpg"},"superwise-medium":{"width":768,"height":510,"mime-type":"image\/jpeg","url":"https:\/\/tlatelolcounam.mx\/uva\/wp-content\/uploads\/2025\/04\/7142128-DE-MAYO-UVA-scaled-768x510.jpg"},"superwise-square":{"width":768,"height":768,"mime-type":"image\/jpeg","url":"https:\/\/tlatelolcounam.mx\/uva\/wp-content\/uploads\/2025\/04\/7142128-DE-MAYO-UVA-scaled-768x768.jpg"},"superwise-square-small":{"width":420,"height":420,"mime-type":"image\/jpeg","url":"https:\/\/tlatelolcounam.mx\/uva\/wp-content\/uploads\/2025\/04\/7142128-DE-MAYO-UVA-scaled-420x420.jpg"}},"original_image":"7142128-DE-MAYO-UVA.jpg"},"all_day":false,"start_date":"2025-05-02 11:00:00","start_date_details":{"year":"2025","month":"05","day":"02","hour":"11","minutes":"00","seconds":"00"},"end_date":"2025-05-02 12:00:00","end_date_details":{"year":"2025","month":"05","day":"02","hour":"12","minutes":"00","seconds":"00"},"utc_start_date":"2025-05-02 11:00:00","utc_start_date_details":{"year":"2025","month":"05","day":"02","hour":"11","minutes":"00","seconds":"00"},"utc_end_date":"2025-05-02 12:00:00","utc_end_date_details":{"year":"2025","month":"05","day":"02","hour":"12","minutes":"00","seconds":"00"},"timezone":"UTC+0","timezone_abbr":"UTC+0","cost":"","cost_details":{"currency_symbol":"$","currency_code":"USD","currency_position":"prefix","values":[]},"website":"","show_map":false,"show_map_link":false,"hide_from_listings":false,"sticky":true,"featured":false,"categories":[{"name":"Cartelera","slug":"cartelera","term_group":0,"term_taxonomy_id":39,"taxonomy":"tribe_events_cat","description":"","parent":0,"count":356,"filter":"raw","id":39,"urls":{"self":"https:\/\/tlatelolcounam.mx\/uva\/wp-json\/tribe\/events\/v1\/categories\/39","collection":"https:\/\/tlatelolcounam.mx\/uva\/wp-json\/tribe\/events\/v1\/categories"}}],"tags":[{"name":"Beb\u00e9s","slug":"bebes","term_group":0,"term_taxonomy_id":66,"taxonomy":"post_tag","description":"","parent":0,"count":87,"filter":"raw","id":66,"urls":{"self":"https:\/\/tlatelolcounam.mx\/uva\/wp-json\/tribe\/events\/v1\/tags\/66","collection":"https:\/\/tlatelolcounam.mx\/uva\/wp-json\/tribe\/events\/v1\/tags"}},{"name":"Cartelera","slug":"cartelera","term_group":0,"term_taxonomy_id":42,"taxonomy":"post_tag","description":"","parent":0,"count":319,"filter":"raw","id":42,"urls":{"self":"https:\/\/tlatelolcounam.mx\/uva\/wp-json\/tribe\/events\/v1\/tags\/42","collection":"https:\/\/tlatelolcounam.mx\/uva\/wp-json\/tribe\/events\/v1\/tags"}},{"name":"crecer entre libros","slug":"crecer-entre-libros","term_group":0,"term_taxonomy_id":48,"taxonomy":"post_tag","description":"","parent":0,"count":187,"filter":"raw","id":48,"urls":{"self":"https:\/\/tlatelolcounam.mx\/uva\/wp-json\/tribe\/events\/v1\/tags\/48","collection":"https:\/\/tlatelolcounam.mx\/uva\/wp-json\/tribe\/events\/v1\/tags"}},{"name":"Libros que abrazan","slug":"libros-que-abrazan","term_group":0,"term_taxonomy_id":47,"taxonomy":"post_tag","description":"","parent":0,"count":110,"filter":"raw","id":47,"urls":{"self":"https:\/\/tlatelolcounam.mx\/uva\/wp-json\/tribe\/events\/v1\/tags\/47","collection":"https:\/\/tlatelolcounam.mx\/uva\/wp-json\/tribe\/events\/v1\/tags"}}],"venue":{"id":2522,"author":"2","status":"publish","date":"2022-02-28 18:37:20","date_utc":"2022-02-28 18:37:20","modified":"2022-02-28 18:39:50","modified_utc":"2022-02-28 18:39:50","url":"https:\/\/tlatelolcounam.mx\/uva\/lugar\/unidad-de-vinculacion-artistica\/","venue":"Unidad de Vinculaci\u00f3n Art\u00edstica","slug":"unidad-de-vinculacion-artistica","address":"Ricardo Flores Mag\u00f3n #1, Col. Nonoalco-Tlatelolco","city":"Ciudad de M\u00e9xico","country":"Mexico","province":"Ciudad de M\u00e9xico","zip":"06995","stateprovince":"Ciudad de M\u00e9xico","json_ld":{"@type":"Place","name":"Unidad de Vinculaci\u00f3n Art\u00edstica","description":"","url":"","address":{"@type":"PostalAddress","streetAddress":"Ricardo Flores Mag\u00f3n #1, Col. Nonoalco-Tlatelolco","addressLocality":"Ciudad de M\u00e9xico","addressRegion":"Ciudad de M\u00e9xico","postalCode":"06995","addressCountry":"Mexico"},"telephone":"","sameAs":""},"show_map":true,"show_map_link":true,"global_id":"tlatelolcounam.mx\/uva?id=2522","global_id_lineage":["tlatelolcounam.mx\/uva?id=2522"]},"organizer":[{"id":1924,"author":"2","status":"publish","date":"2021-12-15 00:58:57","date_utc":"2021-12-15 00:58:57","modified":"2021-12-15 00:58:57","modified_utc":"2021-12-15 00:58:57","url":"https:\/\/tlatelolcounam.mx\/uva\/organizador\/biblioteca-alaide-foppa\/","organizer":"Biblioteca Ala\u00edde Foppa","slug":"biblioteca-alaide-foppa","email":"biblio.foppa.ccut@gmail.com","json_ld":{"@type":"Person","name":"Biblioteca Ala\u00edde Foppa","description":"","url":"","telephone":"","email":"&#98;&#105;&#98;&#108;io&#46;fo&#112;&#112;&#97;&#46;c&#99;ut&#64;&#103;&#109;&#97;il.co&#109;","sameAs":""},"global_id":"tlatelolcounam.mx\/uva?id=1924","global_id_lineage":["tlatelolcounam.mx\/uva?id=1924"]}],"custom_fields":[],"json_ld":{"@context":"http:\/\/schema.org","@type":"Event","name":"\ud83d\udc76\ud83c\udffd\ud83d\udcd6 LIBROS QUE ABRAZAN","description":"&lt;p&gt;Acomp\u00e1\u00f1anos y escuchemos las historias y consejos de la extraordinaria Ruth Galicia, mediadora de amplia experiencia y especializada en primeras&nbsp;&lt;a href=&quot;https:\/\/tlatelolcounam.mx\/uva\/event\/libros-que-abrazan-25-05-08\/&quot;&gt;&hellip;&lt;\/a&gt;&lt;\/p&gt;\\n","image":"https:\/\/tlatelolcounam.mx\/uva\/wp-content\/uploads\/2025\/04\/7142128-DE-MAYO-UVA-scaled.jpg","url":"https:\/\/tlatelolcounam.mx\/uva\/event\/libros-que-abrazan-25-05-08\/","eventAttendanceMode":"https:\/\/schema.org\/OfflineEventAttendanceMode","eventStatus":"https:\/\/schema.org\/EventScheduled","startDate":"2025-05-02T11:00:00+00:00","endDate":"2025-05-02T12:00:00+00:00","location":{"@type":"Place","name":"Unidad de Vinculaci\u00f3n Art\u00edstica","description":"","url":"","address":{"@type":"PostalAddress","streetAddress":"Ricardo Flores Mag\u00f3n #1, Col. Nonoalco-Tlatelolco","addressLocality":"Ciudad de M\u00e9xico","addressRegion":"Ciudad de M\u00e9xico","postalCode":"06995","addressCountry":"Mexico"},"telephone":"","sameAs":""},"organizer":{"@type":"Person","name":"Biblioteca Ala\u00edde Foppa","description":"","url":"","telephone":"","email":"&#98;&#105;&#98;&#108;io.&#102;&#111;&#112;&#112;&#97;.&#99;&#99;ut&#64;gmai&#108;&#46;&#99;&#111;&#109;","sameAs":""},"performer":"Organization"}}