{"id":5879,"global_id":"tlatelolcounam.mx\/uva?id=5879","global_id_lineage":["tlatelolcounam.mx\/uva?id=5879"],"author":"2","status":"publish","date":"2025-03-07 19:06:49","date_utc":"2025-03-07 19:06:49","modified":"2025-03-07 19:06:49","modified_utc":"2025-03-07 19:06:49","url":"https:\/\/tlatelolcounam.mx\/uva\/event\/techpaktia-in-amoxcalli-2\/","rest_url":"https:\/\/tlatelolcounam.mx\/uva\/wp-json\/tribe\/events\/v1\/events\/5879","title":"\ud83d\udcda \u00a1TECHPAKTIA IN AMOXCALLI! (\u00a1Nos gusta la biblitoteca!)","description":"<p><span style=\"font-weight: 400;\">Reuni\u00f3n mensual (parte del bloque infantil &#8220;Crecer entre libros&#8221;) para compartir aprendizajes y lecturas en lengua nawatl con el p\u00fablico general.\u00a0<\/span><\/p>\n<p>Entrada libre | Cupo limitado<\/p>","excerpt":"","slug":"techpaktia-in-amoxcalli-2","image":{"url":"https:\/\/tlatelolcounam.mx\/uva\/wp-content\/uploads\/2025\/02\/YDRAY-29-DE-MARZO-UVA.png","id":5825,"extension":"png","width":2250,"height":2813,"filesize":6769710,"sizes":{"thumbnail":{"width":150,"height":150,"mime-type":"image\/png","url":"https:\/\/tlatelolcounam.mx\/uva\/wp-content\/uploads\/2025\/02\/YDRAY-29-DE-MARZO-UVA-150x150.png"},"medium":{"width":240,"height":300,"mime-type":"image\/png","url":"https:\/\/tlatelolcounam.mx\/uva\/wp-content\/uploads\/2025\/02\/YDRAY-29-DE-MARZO-UVA-240x300.png"},"large":{"width":819,"height":1024,"mime-type":"image\/png","url":"https:\/\/tlatelolcounam.mx\/uva\/wp-content\/uploads\/2025\/02\/YDRAY-29-DE-MARZO-UVA-819x1024.png"},"post-thumbnail":{"width":120,"height":150,"mime-type":"image\/png","url":"https:\/\/tlatelolcounam.mx\/uva\/wp-content\/uploads\/2025\/02\/YDRAY-29-DE-MARZO-UVA-120x150.png"},"1536x1536":{"width":1229,"height":1536,"mime-type":"image\/png","url":"https:\/\/tlatelolcounam.mx\/uva\/wp-content\/uploads\/2025\/02\/YDRAY-29-DE-MARZO-UVA-1229x1536.png"},"2048x2048":{"width":1638,"height":2048,"mime-type":"image\/png","url":"https:\/\/tlatelolcounam.mx\/uva\/wp-content\/uploads\/2025\/02\/YDRAY-29-DE-MARZO-UVA-1638x2048.png"},"superwise-featured-image":{"width":895,"height":430,"mime-type":"image\/png","url":"https:\/\/tlatelolcounam.mx\/uva\/wp-content\/uploads\/2025\/02\/YDRAY-29-DE-MARZO-UVA-895x430.png"},"superwise-medium":{"width":768,"height":510,"mime-type":"image\/png","url":"https:\/\/tlatelolcounam.mx\/uva\/wp-content\/uploads\/2025\/02\/YDRAY-29-DE-MARZO-UVA-768x510.png"},"superwise-square":{"width":768,"height":768,"mime-type":"image\/png","url":"https:\/\/tlatelolcounam.mx\/uva\/wp-content\/uploads\/2025\/02\/YDRAY-29-DE-MARZO-UVA-768x768.png"},"superwise-square-small":{"width":420,"height":420,"mime-type":"image\/png","url":"https:\/\/tlatelolcounam.mx\/uva\/wp-content\/uploads\/2025\/02\/YDRAY-29-DE-MARZO-UVA-420x420.png"}}},"all_day":false,"start_date":"2025-03-29 11:00:00","start_date_details":{"year":"2025","month":"03","day":"29","hour":"11","minutes":"00","seconds":"00"},"end_date":"2025-03-29 13:00:00","end_date_details":{"year":"2025","month":"03","day":"29","hour":"13","minutes":"00","seconds":"00"},"utc_start_date":"2025-03-29 11:00:00","utc_start_date_details":{"year":"2025","month":"03","day":"29","hour":"11","minutes":"00","seconds":"00"},"utc_end_date":"2025-03-29 13:00:00","utc_end_date_details":{"year":"2025","month":"03","day":"29","hour":"13","minutes":"00","seconds":"00"},"timezone":"UTC+0","timezone_abbr":"UTC+0","cost":"","cost_details":{"currency_symbol":"$","currency_code":"USD","currency_position":"prefix","values":[]},"website":"","show_map":false,"show_map_link":false,"hide_from_listings":false,"sticky":true,"featured":false,"categories":[{"name":"Cartelera","slug":"cartelera","term_group":0,"term_taxonomy_id":39,"taxonomy":"tribe_events_cat","description":"","parent":0,"count":356,"filter":"raw","id":39,"urls":{"self":"https:\/\/tlatelolcounam.mx\/uva\/wp-json\/tribe\/events\/v1\/categories\/39","collection":"https:\/\/tlatelolcounam.mx\/uva\/wp-json\/tribe\/events\/v1\/categories"}}],"tags":[{"name":"Cartelera","slug":"cartelera","term_group":0,"term_taxonomy_id":42,"taxonomy":"post_tag","description":"","parent":0,"count":319,"filter":"raw","id":42,"urls":{"self":"https:\/\/tlatelolcounam.mx\/uva\/wp-json\/tribe\/events\/v1\/tags\/42","collection":"https:\/\/tlatelolcounam.mx\/uva\/wp-json\/tribe\/events\/v1\/tags"}},{"name":"crecer entre libros","slug":"crecer-entre-libros","term_group":0,"term_taxonomy_id":48,"taxonomy":"post_tag","description":"","parent":0,"count":187,"filter":"raw","id":48,"urls":{"self":"https:\/\/tlatelolcounam.mx\/uva\/wp-json\/tribe\/events\/v1\/tags\/48","collection":"https:\/\/tlatelolcounam.mx\/uva\/wp-json\/tribe\/events\/v1\/tags"}},{"name":"Eventos Especiales","slug":"eventos-especiales","term_group":0,"term_taxonomy_id":60,"taxonomy":"post_tag","description":"","parent":0,"count":23,"filter":"raw","id":60,"urls":{"self":"https:\/\/tlatelolcounam.mx\/uva\/wp-json\/tribe\/events\/v1\/tags\/60","collection":"https:\/\/tlatelolcounam.mx\/uva\/wp-json\/tribe\/events\/v1\/tags"}}],"venue":{"id":2522,"author":"2","status":"publish","date":"2022-02-28 18:37:20","date_utc":"2022-02-28 18:37:20","modified":"2022-02-28 18:39:50","modified_utc":"2022-02-28 18:39:50","url":"https:\/\/tlatelolcounam.mx\/uva\/lugar\/unidad-de-vinculacion-artistica\/","venue":"Unidad de Vinculaci\u00f3n Art\u00edstica","slug":"unidad-de-vinculacion-artistica","address":"Ricardo Flores Mag\u00f3n #1, Col. Nonoalco-Tlatelolco","city":"Ciudad de M\u00e9xico","country":"Mexico","province":"Ciudad de M\u00e9xico","zip":"06995","stateprovince":"Ciudad de M\u00e9xico","json_ld":{"@type":"Place","name":"Unidad de Vinculaci\u00f3n Art\u00edstica","description":"","url":"","address":{"@type":"PostalAddress","streetAddress":"Ricardo Flores Mag\u00f3n #1, Col. Nonoalco-Tlatelolco","addressLocality":"Ciudad de M\u00e9xico","addressRegion":"Ciudad de M\u00e9xico","postalCode":"06995","addressCountry":"Mexico"},"telephone":"","sameAs":""},"show_map":true,"show_map_link":true,"global_id":"tlatelolcounam.mx\/uva?id=2522","global_id_lineage":["tlatelolcounam.mx\/uva?id=2522"]},"organizer":[{"id":1924,"author":"2","status":"publish","date":"2021-12-15 00:58:57","date_utc":"2021-12-15 00:58:57","modified":"2021-12-15 00:58:57","modified_utc":"2021-12-15 00:58:57","url":"https:\/\/tlatelolcounam.mx\/uva\/organizador\/biblioteca-alaide-foppa\/","organizer":"Biblioteca Ala\u00edde Foppa","slug":"biblioteca-alaide-foppa","email":"biblio.foppa.ccut@gmail.com","json_ld":{"@type":"Person","name":"Biblioteca Ala\u00edde Foppa","description":"","url":"","telephone":"","email":"&#98;ib&#108;i&#111;.&#102;o&#112;pa.cc&#117;&#116;&#64;&#103;&#109;&#97;i&#108;.&#99;o&#109;","sameAs":""},"global_id":"tlatelolcounam.mx\/uva?id=1924","global_id_lineage":["tlatelolcounam.mx\/uva?id=1924"]}],"custom_fields":[],"json_ld":{"@context":"http:\/\/schema.org","@type":"Event","name":"\ud83d\udcda \u00a1TECHPAKTIA IN AMOXCALLI! (\u00a1Nos gusta la biblitoteca!)","description":"&lt;p&gt;Reuni\u00f3n mensual (parte del bloque infantil &quot;Crecer entre libros&quot;) para compartir aprendizajes y lecturas en lengua nawatl con el p\u00fablico&nbsp;&lt;a href=&quot;https:\/\/tlatelolcounam.mx\/uva\/event\/techpaktia-in-amoxcalli-2\/&quot;&gt;&hellip;&lt;\/a&gt;&lt;\/p&gt;\\n","image":"https:\/\/tlatelolcounam.mx\/uva\/wp-content\/uploads\/2025\/02\/YDRAY-29-DE-MARZO-UVA.png","url":"https:\/\/tlatelolcounam.mx\/uva\/event\/techpaktia-in-amoxcalli-2\/","eventAttendanceMode":"https:\/\/schema.org\/OfflineEventAttendanceMode","eventStatus":"https:\/\/schema.org\/EventScheduled","startDate":"2025-03-29T11:00:00+00:00","endDate":"2025-03-29T13:00:00+00:00","location":{"@type":"Place","name":"Unidad de Vinculaci\u00f3n Art\u00edstica","description":"","url":"","address":{"@type":"PostalAddress","streetAddress":"Ricardo Flores Mag\u00f3n #1, Col. Nonoalco-Tlatelolco","addressLocality":"Ciudad de M\u00e9xico","addressRegion":"Ciudad de M\u00e9xico","postalCode":"06995","addressCountry":"Mexico"},"telephone":"","sameAs":""},"organizer":{"@type":"Person","name":"Biblioteca Ala\u00edde Foppa","description":"","url":"","telephone":"","email":"&#98;i&#98;l&#105;o.f&#111;&#112;&#112;a.&#99;cut&#64;&#103;ma&#105;l.&#99;&#111;&#109;","sameAs":""},"performer":"Organization"}}