{"id":5452,"global_id":"tlatelolcounam.mx\/uva?id=5452","global_id_lineage":["tlatelolcounam.mx\/uva?id=5452"],"author":"2","status":"publish","date":"2024-10-31 19:32:40","date_utc":"2024-10-31 19:32:40","modified":"2024-10-31 19:32:40","modified_utc":"2024-10-31 19:32:40","url":"https:\/\/tlatelolcounam.mx\/uva\/event\/atth-cuentos-24-11-03\/","rest_url":"https:\/\/tlatelolcounam.mx\/uva\/wp-json\/tribe\/events\/v1\/events\/5452","title":"\ud83d\udde3\ufe0f\ud83d\udcd6\u00a1AQU\u00cd T\u00da CUENTAS HISTORIAS!: Cuentos y leyendas con Guadalupe Ocampo","description":"<p>\u00a1Funci\u00f3n presencial de cuentacuentos con<strong> Guadalupe Ocampo<\/strong>!\ud83d\ude0e<\/p>\n<p dir=\"ltr\">En este espect\u00e1culo de narraci\u00f3n oral t\u00fa eres el protagonista, porque podr\u00e1s elegir las historias que vas a escuchar.<\/p>\n<p>&#8220;\u00a1Aqu\u00ed t\u00fa cuentas historias!&#8221; es un programa de Universo de Letras (Literatura UNAM).<\/p>","excerpt":"","slug":"atth-cuentos-24-11-03","image":{"url":"https:\/\/tlatelolcounam.mx\/uva\/wp-content\/uploads\/2024\/10\/23Noviembre.png","id":5432,"extension":"png","width":2500,"height":2500,"filesize":3056125,"sizes":{"thumbnail":{"width":150,"height":150,"mime-type":"image\/png","url":"https:\/\/tlatelolcounam.mx\/uva\/wp-content\/uploads\/2024\/10\/23Noviembre-150x150.png"},"medium":{"width":300,"height":300,"mime-type":"image\/png","url":"https:\/\/tlatelolcounam.mx\/uva\/wp-content\/uploads\/2024\/10\/23Noviembre-300x300.png"},"large":{"width":1024,"height":1024,"mime-type":"image\/png","url":"https:\/\/tlatelolcounam.mx\/uva\/wp-content\/uploads\/2024\/10\/23Noviembre-1024x1024.png"},"post-thumbnail":{"width":150,"height":150,"mime-type":"image\/png","url":"https:\/\/tlatelolcounam.mx\/uva\/wp-content\/uploads\/2024\/10\/23Noviembre-150x150.png"},"1536x1536":{"width":1536,"height":1536,"mime-type":"image\/png","url":"https:\/\/tlatelolcounam.mx\/uva\/wp-content\/uploads\/2024\/10\/23Noviembre-1536x1536.png"},"2048x2048":{"width":2048,"height":2048,"mime-type":"image\/png","url":"https:\/\/tlatelolcounam.mx\/uva\/wp-content\/uploads\/2024\/10\/23Noviembre-2048x2048.png"},"superwise-featured-image":{"width":895,"height":430,"mime-type":"image\/png","url":"https:\/\/tlatelolcounam.mx\/uva\/wp-content\/uploads\/2024\/10\/23Noviembre-895x430.png"},"superwise-medium":{"width":768,"height":510,"mime-type":"image\/png","url":"https:\/\/tlatelolcounam.mx\/uva\/wp-content\/uploads\/2024\/10\/23Noviembre-768x510.png"},"superwise-square":{"width":768,"height":768,"mime-type":"image\/png","url":"https:\/\/tlatelolcounam.mx\/uva\/wp-content\/uploads\/2024\/10\/23Noviembre-768x768.png"},"superwise-square-small":{"width":420,"height":420,"mime-type":"image\/png","url":"https:\/\/tlatelolcounam.mx\/uva\/wp-content\/uploads\/2024\/10\/23Noviembre-420x420.png"}}},"all_day":false,"start_date":"2024-11-23 13:00:00","start_date_details":{"year":"2024","month":"11","day":"23","hour":"13","minutes":"00","seconds":"00"},"end_date":"2024-11-23 14:00:00","end_date_details":{"year":"2024","month":"11","day":"23","hour":"14","minutes":"00","seconds":"00"},"utc_start_date":"2024-11-23 13:00:00","utc_start_date_details":{"year":"2024","month":"11","day":"23","hour":"13","minutes":"00","seconds":"00"},"utc_end_date":"2024-11-23 14:00:00","utc_end_date_details":{"year":"2024","month":"11","day":"23","hour":"14","minutes":"00","seconds":"00"},"timezone":"UTC+0","timezone_abbr":"UTC+0","cost":"","cost_details":{"currency_symbol":"$","currency_code":"USD","currency_position":"prefix","values":[]},"website":"","show_map":true,"show_map_link":true,"hide_from_listings":false,"sticky":true,"featured":false,"categories":[{"name":"Cartelera","slug":"cartelera","term_group":0,"term_taxonomy_id":39,"taxonomy":"tribe_events_cat","description":"","parent":0,"count":356,"filter":"raw","id":39,"urls":{"self":"https:\/\/tlatelolcounam.mx\/uva\/wp-json\/tribe\/events\/v1\/categories\/39","collection":"https:\/\/tlatelolcounam.mx\/uva\/wp-json\/tribe\/events\/v1\/categories"}}],"tags":[{"name":"Aqu\u00ed t\u00fa cuentas historias","slug":"aqui-tu-cuentas-historias","term_group":0,"term_taxonomy_id":74,"taxonomy":"post_tag","description":"","parent":0,"count":30,"filter":"raw","id":74,"urls":{"self":"https:\/\/tlatelolcounam.mx\/uva\/wp-json\/tribe\/events\/v1\/tags\/74","collection":"https:\/\/tlatelolcounam.mx\/uva\/wp-json\/tribe\/events\/v1\/tags"}},{"name":"Cartelera","slug":"cartelera","term_group":0,"term_taxonomy_id":42,"taxonomy":"post_tag","description":"","parent":0,"count":319,"filter":"raw","id":42,"urls":{"self":"https:\/\/tlatelolcounam.mx\/uva\/wp-json\/tribe\/events\/v1\/tags\/42","collection":"https:\/\/tlatelolcounam.mx\/uva\/wp-json\/tribe\/events\/v1\/tags"}},{"name":"crecer entre libros","slug":"crecer-entre-libros","term_group":0,"term_taxonomy_id":48,"taxonomy":"post_tag","description":"","parent":0,"count":187,"filter":"raw","id":48,"urls":{"self":"https:\/\/tlatelolcounam.mx\/uva\/wp-json\/tribe\/events\/v1\/tags\/48","collection":"https:\/\/tlatelolcounam.mx\/uva\/wp-json\/tribe\/events\/v1\/tags"}}],"venue":{"id":2522,"author":"2","status":"publish","date":"2022-02-28 18:37:20","date_utc":"2022-02-28 18:37:20","modified":"2022-02-28 18:39:50","modified_utc":"2022-02-28 18:39:50","url":"https:\/\/tlatelolcounam.mx\/uva\/lugar\/unidad-de-vinculacion-artistica\/","venue":"Unidad de Vinculaci\u00f3n Art\u00edstica","slug":"unidad-de-vinculacion-artistica","address":"Ricardo Flores Mag\u00f3n #1, Col. Nonoalco-Tlatelolco","city":"Ciudad de M\u00e9xico","country":"Mexico","province":"Ciudad de M\u00e9xico","zip":"06995","stateprovince":"Ciudad de M\u00e9xico","json_ld":{"@type":"Place","name":"Unidad de Vinculaci\u00f3n Art\u00edstica","description":"","url":"","address":{"@type":"PostalAddress","streetAddress":"Ricardo Flores Mag\u00f3n #1, Col. Nonoalco-Tlatelolco","addressLocality":"Ciudad de M\u00e9xico","addressRegion":"Ciudad de M\u00e9xico","postalCode":"06995","addressCountry":"Mexico"},"telephone":"","sameAs":""},"show_map":true,"show_map_link":true,"global_id":"tlatelolcounam.mx\/uva?id=2522","global_id_lineage":["tlatelolcounam.mx\/uva?id=2522"]},"organizer":[{"id":1924,"author":"2","status":"publish","date":"2021-12-15 00:58:57","date_utc":"2021-12-15 00:58:57","modified":"2021-12-15 00:58:57","modified_utc":"2021-12-15 00:58:57","url":"https:\/\/tlatelolcounam.mx\/uva\/organizador\/biblioteca-alaide-foppa\/","organizer":"Biblioteca Ala\u00edde Foppa","slug":"biblioteca-alaide-foppa","email":"biblio.foppa.ccut@gmail.com","json_ld":{"@type":"Person","name":"Biblioteca Ala\u00edde Foppa","description":"","url":"","telephone":"","email":"b&#105;&#98;l&#105;&#111;&#46;foppa.&#99;&#99;&#117;t&#64;&#103;&#109;&#97;&#105;l.&#99;o&#109;","sameAs":""},"global_id":"tlatelolcounam.mx\/uva?id=1924","global_id_lineage":["tlatelolcounam.mx\/uva?id=1924"]}],"custom_fields":[],"json_ld":{"@context":"http:\/\/schema.org","@type":"Event","name":"\ud83d\udde3\ufe0f\ud83d\udcd6\u00a1AQU\u00cd T\u00da CUENTAS HISTORIAS!: Cuentos y leyendas con Guadalupe Ocampo","description":"&lt;p&gt;\u00a1Funci\u00f3n presencial de cuentacuentos con Guadalupe Ocampo!\ud83d\ude0e En este espect\u00e1culo de narraci\u00f3n oral t\u00fa eres el protagonista, porque podr\u00e1s elegir&nbsp;&lt;a href=&quot;https:\/\/tlatelolcounam.mx\/uva\/event\/atth-cuentos-24-11-03\/&quot;&gt;&hellip;&lt;\/a&gt;&lt;\/p&gt;\\n","image":"https:\/\/tlatelolcounam.mx\/uva\/wp-content\/uploads\/2024\/10\/23Noviembre.png","url":"https:\/\/tlatelolcounam.mx\/uva\/event\/atth-cuentos-24-11-03\/","eventAttendanceMode":"https:\/\/schema.org\/OfflineEventAttendanceMode","eventStatus":"https:\/\/schema.org\/EventScheduled","startDate":"2024-11-23T13:00:00+00:00","endDate":"2024-11-23T14:00:00+00:00","location":{"@type":"Place","name":"Unidad de Vinculaci\u00f3n Art\u00edstica","description":"","url":"","address":{"@type":"PostalAddress","streetAddress":"Ricardo Flores Mag\u00f3n #1, Col. Nonoalco-Tlatelolco","addressLocality":"Ciudad de M\u00e9xico","addressRegion":"Ciudad de M\u00e9xico","postalCode":"06995","addressCountry":"Mexico"},"telephone":"","sameAs":""},"organizer":{"@type":"Person","name":"Biblioteca Ala\u00edde Foppa","description":"","url":"","telephone":"","email":"&#98;&#105;bl&#105;&#111;.fop&#112;&#97;&#46;&#99;cu&#116;&#64;gmai&#108;.c&#111;&#109;","sameAs":""},"performer":"Organization"}}