{"id":5383,"global_id":"tlatelolcounam.mx\/uva?id=5383","global_id_lineage":["tlatelolcounam.mx\/uva?id=5383"],"author":"2","status":"publish","date":"2024-09-18 23:45:24","date_utc":"2024-09-18 23:45:24","modified":"2024-09-18 23:46:41","modified_utc":"2024-09-18 23:46:41","url":"https:\/\/tlatelolcounam.mx\/uva\/event\/especial-ddlb-24\/","rest_url":"https:\/\/tlatelolcounam.mx\/uva\/wp-json\/tribe\/events\/v1\/events\/5383","title":"\ud83d\udcda EVENTO ESPECIAL: De Sarajevo a al-Shawka: \u00a1Reconstruyamos bibliotecas!","description":"<p>Taller para recuperar la memoria de algunas bibliotecas destruidas por la guerra a lo largo de la historia, as\u00ed como celebrar la importancia de crearlas y conservarlas, en conmemoraci\u00f3n del D\u00eda Internacional de las Bibliotecas (24 de octubre).<\/p>","excerpt":"","slug":"especial-ddlb-24","image":{"url":"https:\/\/tlatelolcounam.mx\/uva\/wp-content\/uploads\/2024\/09\/oe_de-sarajevo-oct-scaled.jpg","id":5370,"extension":"jpg","width":2048,"height":2560,"filesize":603288,"sizes":{"thumbnail":{"width":150,"height":150,"mime-type":"image\/jpeg","url":"https:\/\/tlatelolcounam.mx\/uva\/wp-content\/uploads\/2024\/09\/oe_de-sarajevo-oct-scaled-150x150.jpg"},"medium":{"width":240,"height":300,"mime-type":"image\/jpeg","url":"https:\/\/tlatelolcounam.mx\/uva\/wp-content\/uploads\/2024\/09\/oe_de-sarajevo-oct-scaled-240x300.jpg"},"large":{"width":819,"height":1024,"mime-type":"image\/jpeg","url":"https:\/\/tlatelolcounam.mx\/uva\/wp-content\/uploads\/2024\/09\/oe_de-sarajevo-oct-scaled-819x1024.jpg"},"post-thumbnail":{"width":120,"height":150,"mime-type":"image\/jpeg","url":"https:\/\/tlatelolcounam.mx\/uva\/wp-content\/uploads\/2024\/09\/oe_de-sarajevo-oct-scaled-120x150.jpg"},"1536x1536":{"width":1229,"height":1536,"mime-type":"image\/jpeg","url":"https:\/\/tlatelolcounam.mx\/uva\/wp-content\/uploads\/2024\/09\/oe_de-sarajevo-oct-scaled-1229x1536.jpg"},"2048x2048":{"width":1638,"height":2048,"mime-type":"image\/jpeg","url":"https:\/\/tlatelolcounam.mx\/uva\/wp-content\/uploads\/2024\/09\/oe_de-sarajevo-oct-scaled-1638x2048.jpg"},"superwise-featured-image":{"width":895,"height":430,"mime-type":"image\/jpeg","url":"https:\/\/tlatelolcounam.mx\/uva\/wp-content\/uploads\/2024\/09\/oe_de-sarajevo-oct-scaled-895x430.jpg"},"superwise-medium":{"width":768,"height":510,"mime-type":"image\/jpeg","url":"https:\/\/tlatelolcounam.mx\/uva\/wp-content\/uploads\/2024\/09\/oe_de-sarajevo-oct-scaled-768x510.jpg"},"superwise-square":{"width":768,"height":768,"mime-type":"image\/jpeg","url":"https:\/\/tlatelolcounam.mx\/uva\/wp-content\/uploads\/2024\/09\/oe_de-sarajevo-oct-scaled-768x768.jpg"},"superwise-square-small":{"width":420,"height":420,"mime-type":"image\/jpeg","url":"https:\/\/tlatelolcounam.mx\/uva\/wp-content\/uploads\/2024\/09\/oe_de-sarajevo-oct-scaled-420x420.jpg"}},"original_image":"oe_de-sarajevo-oct.jpg"},"all_day":false,"start_date":"2024-10-24 10:00:00","start_date_details":{"year":"2024","month":"10","day":"24","hour":"10","minutes":"00","seconds":"00"},"end_date":"2024-10-24 18:00:00","end_date_details":{"year":"2024","month":"10","day":"24","hour":"18","minutes":"00","seconds":"00"},"utc_start_date":"2024-10-24 10:00:00","utc_start_date_details":{"year":"2024","month":"10","day":"24","hour":"10","minutes":"00","seconds":"00"},"utc_end_date":"2024-10-24 18:00:00","utc_end_date_details":{"year":"2024","month":"10","day":"24","hour":"18","minutes":"00","seconds":"00"},"timezone":"UTC+0","timezone_abbr":"UTC+0","cost":"","cost_details":{"currency_symbol":"$","currency_code":"USD","currency_position":"prefix","values":[]},"website":"","show_map":false,"show_map_link":false,"hide_from_listings":false,"sticky":true,"featured":false,"categories":[{"name":"Cartelera","slug":"cartelera","term_group":0,"term_taxonomy_id":39,"taxonomy":"tribe_events_cat","description":"","parent":0,"count":356,"filter":"raw","id":39,"urls":{"self":"https:\/\/tlatelolcounam.mx\/uva\/wp-json\/tribe\/events\/v1\/categories\/39","collection":"https:\/\/tlatelolcounam.mx\/uva\/wp-json\/tribe\/events\/v1\/categories"}}],"tags":[{"name":"Bibliotecas y cultura de paz","slug":"bibliotecas-y-cultura-de-paz","term_group":0,"term_taxonomy_id":57,"taxonomy":"post_tag","description":"","parent":0,"count":30,"filter":"raw","id":57,"urls":{"self":"https:\/\/tlatelolcounam.mx\/uva\/wp-json\/tribe\/events\/v1\/tags\/57","collection":"https:\/\/tlatelolcounam.mx\/uva\/wp-json\/tribe\/events\/v1\/tags"}},{"name":"Cartelera","slug":"cartelera","term_group":0,"term_taxonomy_id":42,"taxonomy":"post_tag","description":"","parent":0,"count":319,"filter":"raw","id":42,"urls":{"self":"https:\/\/tlatelolcounam.mx\/uva\/wp-json\/tribe\/events\/v1\/tags\/42","collection":"https:\/\/tlatelolcounam.mx\/uva\/wp-json\/tribe\/events\/v1\/tags"}},{"name":"Mirar Libritos","slug":"mirar-libritos","term_group":0,"term_taxonomy_id":75,"taxonomy":"post_tag","description":"","parent":0,"count":21,"filter":"raw","id":75,"urls":{"self":"https:\/\/tlatelolcounam.mx\/uva\/wp-json\/tribe\/events\/v1\/tags\/75","collection":"https:\/\/tlatelolcounam.mx\/uva\/wp-json\/tribe\/events\/v1\/tags"}}],"venue":{"id":2522,"author":"2","status":"publish","date":"2022-02-28 18:37:20","date_utc":"2022-02-28 18:37:20","modified":"2022-02-28 18:39:50","modified_utc":"2022-02-28 18:39:50","url":"https:\/\/tlatelolcounam.mx\/uva\/lugar\/unidad-de-vinculacion-artistica\/","venue":"Unidad de Vinculaci\u00f3n Art\u00edstica","slug":"unidad-de-vinculacion-artistica","address":"Ricardo Flores Mag\u00f3n #1, Col. Nonoalco-Tlatelolco","city":"Ciudad de M\u00e9xico","country":"Mexico","province":"Ciudad de M\u00e9xico","zip":"06995","stateprovince":"Ciudad de M\u00e9xico","json_ld":{"@type":"Place","name":"Unidad de Vinculaci\u00f3n Art\u00edstica","description":"","url":"","address":{"@type":"PostalAddress","streetAddress":"Ricardo Flores Mag\u00f3n #1, Col. Nonoalco-Tlatelolco","addressLocality":"Ciudad de M\u00e9xico","addressRegion":"Ciudad de M\u00e9xico","postalCode":"06995","addressCountry":"Mexico"},"telephone":"","sameAs":""},"show_map":true,"show_map_link":true,"global_id":"tlatelolcounam.mx\/uva?id=2522","global_id_lineage":["tlatelolcounam.mx\/uva?id=2522"]},"organizer":[{"id":1924,"author":"2","status":"publish","date":"2021-12-15 00:58:57","date_utc":"2021-12-15 00:58:57","modified":"2021-12-15 00:58:57","modified_utc":"2021-12-15 00:58:57","url":"https:\/\/tlatelolcounam.mx\/uva\/organizador\/biblioteca-alaide-foppa\/","organizer":"Biblioteca Ala\u00edde Foppa","slug":"biblioteca-alaide-foppa","email":"biblio.foppa.ccut@gmail.com","json_ld":{"@type":"Person","name":"Biblioteca Ala\u00edde Foppa","description":"","url":"","telephone":"","email":"b&#105;b&#108;&#105;&#111;.&#102;&#111;&#112;&#112;a&#46;&#99;&#99;&#117;&#116;&#64;&#103;mai&#108;.&#99;o&#109;","sameAs":""},"global_id":"tlatelolcounam.mx\/uva?id=1924","global_id_lineage":["tlatelolcounam.mx\/uva?id=1924"]}],"custom_fields":[],"json_ld":{"@context":"http:\/\/schema.org","@type":"Event","name":"\ud83d\udcda EVENTO ESPECIAL: De Sarajevo a al-Shawka: \u00a1Reconstruyamos bibliotecas!","description":"&lt;p&gt;Taller para recuperar la memoria de algunas bibliotecas destruidas por la guerra a lo largo de la historia, as\u00ed como&nbsp;&lt;a href=&quot;https:\/\/tlatelolcounam.mx\/uva\/event\/especial-ddlb-24\/&quot;&gt;&hellip;&lt;\/a&gt;&lt;\/p&gt;\\n","image":"https:\/\/tlatelolcounam.mx\/uva\/wp-content\/uploads\/2024\/09\/oe_de-sarajevo-oct-scaled.jpg","url":"https:\/\/tlatelolcounam.mx\/uva\/event\/especial-ddlb-24\/","eventAttendanceMode":"https:\/\/schema.org\/OfflineEventAttendanceMode","eventStatus":"https:\/\/schema.org\/EventScheduled","startDate":"2024-10-24T10:00:00+00:00","endDate":"2024-10-24T18:00:00+00:00","location":{"@type":"Place","name":"Unidad de Vinculaci\u00f3n Art\u00edstica","description":"","url":"","address":{"@type":"PostalAddress","streetAddress":"Ricardo Flores Mag\u00f3n #1, Col. Nonoalco-Tlatelolco","addressLocality":"Ciudad de M\u00e9xico","addressRegion":"Ciudad de M\u00e9xico","postalCode":"06995","addressCountry":"Mexico"},"telephone":"","sameAs":""},"organizer":{"@type":"Person","name":"Biblioteca Ala\u00edde Foppa","description":"","url":"","telephone":"","email":"b&#105;&#98;&#108;io.f&#111;pp&#97;.&#99;&#99;u&#116;&#64;g&#109;&#97;&#105;&#108;&#46;&#99;&#111;&#109;","sameAs":""},"performer":"Organization"}}