{"id":4662,"global_id":"tlatelolcounam.mx\/uva?id=4662","global_id_lineage":["tlatelolcounam.mx\/uva?id=4662"],"author":"2","status":"publish","date":"2024-02-27 21:33:37","date_utc":"2024-02-27 21:33:37","modified":"2024-02-27 21:33:37","modified_utc":"2024-02-27 21:33:37","url":"https:\/\/tlatelolcounam.mx\/uva\/event\/mirar-libritos-24-03-01\/","rest_url":"https:\/\/tlatelolcounam.mx\/uva\/wp-json\/tribe\/events\/v1\/events\/4662","title":"\ud83d\udc40\ud83d\udcda MIRAR LIBRITOS: Aves y p\u00e1jaros","description":"<p>\u00bfTe gustan las aves? \u00bfCu\u00e1les son tus favoritas? \u00bfLas ves seguido en los libros? \u00bfTe gusta verlas m\u00e1s en libros informativos o en libros literarios?<\/p>\n<p>Con la gu\u00eda de las inigualables Carola Diez y Ver\u00f3nica Ju\u00e1rez, compartamos y exploremos lecturas de diferentes or\u00edgenes para ni\u00f1xs y j\u00f3venes; qu\u00e9 nos provocan, qu\u00e9 les han hecho a las personas a nuestro alrededor y qu\u00e9 podr\u00eda hacerse con ellos en otros contextos.<\/p>","excerpt":"","slug":"mirar-libritos-24-03-01","image":{"url":"https:\/\/tlatelolcounam.mx\/uva\/wp-content\/uploads\/2024\/02\/OE_socialesmarzo-07-03-scaled.jpg","id":4636,"extension":"jpg","width":2048,"height":2560,"filesize":600774,"sizes":{"thumbnail":{"width":150,"height":150,"mime-type":"image\/jpeg","url":"https:\/\/tlatelolcounam.mx\/uva\/wp-content\/uploads\/2024\/02\/OE_socialesmarzo-07-03-scaled-150x150.jpg"},"medium":{"width":240,"height":300,"mime-type":"image\/jpeg","url":"https:\/\/tlatelolcounam.mx\/uva\/wp-content\/uploads\/2024\/02\/OE_socialesmarzo-07-03-scaled-240x300.jpg"},"large":{"width":819,"height":1024,"mime-type":"image\/jpeg","url":"https:\/\/tlatelolcounam.mx\/uva\/wp-content\/uploads\/2024\/02\/OE_socialesmarzo-07-03-scaled-819x1024.jpg"},"post-thumbnail":{"width":120,"height":150,"mime-type":"image\/jpeg","url":"https:\/\/tlatelolcounam.mx\/uva\/wp-content\/uploads\/2024\/02\/OE_socialesmarzo-07-03-scaled-120x150.jpg"},"1536x1536":{"width":2048,"height":2560,"mime-type":"image\/jpeg","url":"https:\/\/tlatelolcounam.mx\/uva\/wp-content\/uploads\/2024\/02\/OE_socialesmarzo-07-03-scaled-2048x2560.jpg"},"2048x2048":{"width":2048,"height":2560,"mime-type":"image\/jpeg","url":"https:\/\/tlatelolcounam.mx\/uva\/wp-content\/uploads\/2024\/02\/OE_socialesmarzo-07-03-scaled-2048x2560.jpg"},"superwise-featured-image":{"width":2048,"height":2560,"mime-type":"image\/jpeg","url":"https:\/\/tlatelolcounam.mx\/uva\/wp-content\/uploads\/2024\/02\/OE_socialesmarzo-07-03-scaled-2048x2560.jpg"},"superwise-medium":{"width":2048,"height":2560,"mime-type":"image\/jpeg","url":"https:\/\/tlatelolcounam.mx\/uva\/wp-content\/uploads\/2024\/02\/OE_socialesmarzo-07-03-scaled-2048x2560.jpg"},"superwise-square":{"width":2048,"height":2560,"mime-type":"image\/jpeg","url":"https:\/\/tlatelolcounam.mx\/uva\/wp-content\/uploads\/2024\/02\/OE_socialesmarzo-07-03-scaled-2048x2560.jpg"},"superwise-square-small":{"width":2048,"height":2560,"mime-type":"image\/jpeg","url":"https:\/\/tlatelolcounam.mx\/uva\/wp-content\/uploads\/2024\/02\/OE_socialesmarzo-07-03-scaled-2048x2560.jpg"}},"original_image":"OE_socialesmarzo-07-03.jpg"},"all_day":false,"start_date":"2024-03-19 17:00:00","start_date_details":{"year":"2024","month":"03","day":"19","hour":"17","minutes":"00","seconds":"00"},"end_date":"2024-03-19 19:00:00","end_date_details":{"year":"2024","month":"03","day":"19","hour":"19","minutes":"00","seconds":"00"},"utc_start_date":"2024-03-19 17:00:00","utc_start_date_details":{"year":"2024","month":"03","day":"19","hour":"17","minutes":"00","seconds":"00"},"utc_end_date":"2024-03-19 19:00:00","utc_end_date_details":{"year":"2024","month":"03","day":"19","hour":"19","minutes":"00","seconds":"00"},"timezone":"UTC+0","timezone_abbr":"UTC+0","cost":"","cost_details":{"currency_symbol":"","currency_code":"","currency_position":"prefix","values":[]},"website":"https:\/\/www.youtube.com\/user\/UVACCUT","show_map":false,"show_map_link":false,"hide_from_listings":false,"sticky":true,"featured":false,"categories":[{"name":"Cartelera","slug":"cartelera","term_group":0,"term_taxonomy_id":39,"taxonomy":"tribe_events_cat","description":"","parent":0,"count":356,"filter":"raw","id":39,"urls":{"self":"https:\/\/tlatelolcounam.mx\/uva\/wp-json\/tribe\/events\/v1\/categories\/39","collection":"https:\/\/tlatelolcounam.mx\/uva\/wp-json\/tribe\/events\/v1\/categories"}}],"tags":[{"name":"Bibliotecas y cultura de paz","slug":"bibliotecas-y-cultura-de-paz","term_group":0,"term_taxonomy_id":57,"taxonomy":"post_tag","description":"","parent":0,"count":30,"filter":"raw","id":57,"urls":{"self":"https:\/\/tlatelolcounam.mx\/uva\/wp-json\/tribe\/events\/v1\/tags\/57","collection":"https:\/\/tlatelolcounam.mx\/uva\/wp-json\/tribe\/events\/v1\/tags"}},{"name":"Cartelera","slug":"cartelera","term_group":0,"term_taxonomy_id":42,"taxonomy":"post_tag","description":"","parent":0,"count":319,"filter":"raw","id":42,"urls":{"self":"https:\/\/tlatelolcounam.mx\/uva\/wp-json\/tribe\/events\/v1\/tags\/42","collection":"https:\/\/tlatelolcounam.mx\/uva\/wp-json\/tribe\/events\/v1\/tags"}},{"name":"Mirar Libritos","slug":"mirar-libritos","term_group":0,"term_taxonomy_id":75,"taxonomy":"post_tag","description":"","parent":0,"count":21,"filter":"raw","id":75,"urls":{"self":"https:\/\/tlatelolcounam.mx\/uva\/wp-json\/tribe\/events\/v1\/tags\/75","collection":"https:\/\/tlatelolcounam.mx\/uva\/wp-json\/tribe\/events\/v1\/tags"}}],"venue":{"id":2522,"author":"2","status":"publish","date":"2022-02-28 18:37:20","date_utc":"2022-02-28 18:37:20","modified":"2022-02-28 18:39:50","modified_utc":"2022-02-28 18:39:50","url":"https:\/\/tlatelolcounam.mx\/uva\/lugar\/unidad-de-vinculacion-artistica\/","venue":"Unidad de Vinculaci\u00f3n Art\u00edstica","slug":"unidad-de-vinculacion-artistica","address":"Ricardo Flores Mag\u00f3n #1, Col. Nonoalco-Tlatelolco","city":"Ciudad de M\u00e9xico","country":"Mexico","province":"Ciudad de M\u00e9xico","zip":"06995","stateprovince":"Ciudad de M\u00e9xico","json_ld":{"@type":"Place","name":"Unidad de Vinculaci\u00f3n Art\u00edstica","description":"","url":"","address":{"@type":"PostalAddress","streetAddress":"Ricardo Flores Mag\u00f3n #1, Col. Nonoalco-Tlatelolco","addressLocality":"Ciudad de M\u00e9xico","addressRegion":"Ciudad de M\u00e9xico","postalCode":"06995","addressCountry":"Mexico"},"telephone":"","sameAs":""},"show_map":true,"show_map_link":true,"global_id":"tlatelolcounam.mx\/uva?id=2522","global_id_lineage":["tlatelolcounam.mx\/uva?id=2522"]},"organizer":[{"id":1924,"author":"2","status":"publish","date":"2021-12-15 00:58:57","date_utc":"2021-12-15 00:58:57","modified":"2021-12-15 00:58:57","modified_utc":"2021-12-15 00:58:57","url":"https:\/\/tlatelolcounam.mx\/uva\/organizador\/biblioteca-alaide-foppa\/","organizer":"Biblioteca Ala\u00edde Foppa","slug":"biblioteca-alaide-foppa","email":"biblio.foppa.ccut@gmail.com","json_ld":{"@type":"Person","name":"Biblioteca Ala\u00edde Foppa","description":"","url":"","telephone":"","email":"&#98;i&#98;l&#105;o.&#102;o&#112;&#112;&#97;&#46;cc&#117;&#116;&#64;&#103;mail.&#99;om","sameAs":""},"global_id":"tlatelolcounam.mx\/uva?id=1924","global_id_lineage":["tlatelolcounam.mx\/uva?id=1924"]}],"custom_fields":[],"json_ld":{"@context":"http:\/\/schema.org","@type":"Event","name":"\ud83d\udc40\ud83d\udcda MIRAR LIBRITOS: Aves y p\u00e1jaros","description":"&lt;p&gt;\u00bfTe gustan las aves? \u00bfCu\u00e1les son tus favoritas? \u00bfLas ves seguido en los libros? \u00bfTe gusta verlas m\u00e1s en libros&nbsp;&lt;a href=&quot;https:\/\/tlatelolcounam.mx\/uva\/event\/mirar-libritos-24-03-01\/&quot;&gt;&hellip;&lt;\/a&gt;&lt;\/p&gt;\\n","image":"https:\/\/tlatelolcounam.mx\/uva\/wp-content\/uploads\/2024\/02\/OE_socialesmarzo-07-03-scaled.jpg","url":"https:\/\/tlatelolcounam.mx\/uva\/event\/mirar-libritos-24-03-01\/","eventAttendanceMode":"https:\/\/schema.org\/OfflineEventAttendanceMode","eventStatus":"https:\/\/schema.org\/EventScheduled","startDate":"2024-03-19T17:00:00+00:00","endDate":"2024-03-19T19:00:00+00:00","location":{"@type":"Place","name":"Unidad de Vinculaci\u00f3n Art\u00edstica","description":"","url":"","address":{"@type":"PostalAddress","streetAddress":"Ricardo Flores Mag\u00f3n #1, Col. Nonoalco-Tlatelolco","addressLocality":"Ciudad de M\u00e9xico","addressRegion":"Ciudad de M\u00e9xico","postalCode":"06995","addressCountry":"Mexico"},"telephone":"","sameAs":""},"organizer":{"@type":"Person","name":"Biblioteca Ala\u00edde Foppa","description":"","url":"","telephone":"","email":"&#98;&#105;bl&#105;&#111;.&#102;&#111;p&#112;&#97;&#46;c&#99;u&#116;&#64;&#103;mail&#46;c&#111;&#109;","sameAs":""},"performer":"Organization"}}