{"id":3862,"global_id":"tlatelolcounam.mx\/uva?id=3862","global_id_lineage":["tlatelolcounam.mx\/uva?id=3862"],"author":"2","status":"publish","date":"2023-07-31 23:13:29","date_utc":"2023-07-31 23:13:29","modified":"2023-07-31 23:15:25","modified_utc":"2023-07-31 23:15:25","url":"https:\/\/tlatelolcounam.mx\/uva\/event\/biblioteca-humana-kpoper\/","rest_url":"https:\/\/tlatelolcounam.mx\/uva\/wp-json\/tribe\/events\/v1\/events\/3862","title":"\ud83d\udcda\ud83d\udcd6\ud83d\udc69\ud83c\udffb\u200d\ud83c\udfa4 \ud83c\udf99\ufe0f\ud83c\udfb6Mediaci\u00f3n K-Poper: Nuevos horizontes del fomento a la lectura","description":"<p><span style=\"font-weight: 400;\">\ud83d\udcd6La lectura es mucho m\u00e1s que leer libros; es observar, escuchar, sentir y apropiarse de los mundos que nos rodean. El K-Pop es uno de ellos. Por eso, armaremos una minibiblioteca humana k-poper donde lxs mediadorxs de lectura puedan ampliar sus conocimientos y lxs fans puedan compartir sus experiencias.<\/span><\/p>\n<p><span style=\"font-weight: 400;\">&#8220;Mediaci\u00f3n K-Poper: Nuevos horizontes de fomento a la lectura&#8221; es un encuentro que combina las din\u00e1micas de la biblioteca humana\u00a0 y el rally, donde las personas podr\u00e1n hacer consultas sobre temas como:\u00a0<\/span><\/p>\n<p style=\"padding-left: 40px;\"><b><i>\ud83d\udcd5Censura y prejuicios <\/i><\/b><\/p>\n<p style=\"padding-left: 40px;\"><i><span style=\"font-weight: 300;\">\ud83d\udcd7<\/span><\/i><b><i>Materialidades<\/i><\/b><\/p>\n<p style=\"padding-left: 40px;\"><b><i>\ud83d\udcd3Fanart, fanfic y fanmade<\/i><\/b><\/p>\n<p style=\"padding-left: 40px;\"><b><i>\ud83d\udcd8Relaciones parasociales<\/i><\/b><\/p>\n<p style=\"padding-left: 40px;\"><b><i>\ud83d\udcd9K-Pop y mediaci\u00f3n lectora<\/i><\/b><\/p>\n<p>\u00a1Por supuesto, con especialistas que llevan a\u00f1os en el mundo de la Literatura Infantil y Juvenil o en el K-Pop!<\/p>","excerpt":"","slug":"biblioteca-humana-kpoper","image":{"url":"https:\/\/tlatelolcounam.mx\/uva\/wp-content\/uploads\/2023\/07\/SOCIAL_MEDIACION_KPOPER-1_Mesa-de-trabajo-1.png","id":3851,"extension":"png","width":4500,"height":5625,"filesize":15269343,"sizes":{"thumbnail":{"width":150,"height":150,"mime-type":"image\/png","url":"https:\/\/tlatelolcounam.mx\/uva\/wp-content\/uploads\/2023\/07\/SOCIAL_MEDIACION_KPOPER-1_Mesa-de-trabajo-1-150x150.png"},"medium":{"width":240,"height":300,"mime-type":"image\/png","url":"https:\/\/tlatelolcounam.mx\/uva\/wp-content\/uploads\/2023\/07\/SOCIAL_MEDIACION_KPOPER-1_Mesa-de-trabajo-1-240x300.png"},"large":{"width":819,"height":1024,"mime-type":"image\/png","url":"https:\/\/tlatelolcounam.mx\/uva\/wp-content\/uploads\/2023\/07\/SOCIAL_MEDIACION_KPOPER-1_Mesa-de-trabajo-1-819x1024.png"},"post-thumbnail":{"width":120,"height":150,"mime-type":"image\/png","url":"https:\/\/tlatelolcounam.mx\/uva\/wp-content\/uploads\/2023\/07\/SOCIAL_MEDIACION_KPOPER-1_Mesa-de-trabajo-1-120x150.png"},"1536x1536":{"width":1229,"height":1536,"mime-type":"image\/png","url":"https:\/\/tlatelolcounam.mx\/uva\/wp-content\/uploads\/2023\/07\/SOCIAL_MEDIACION_KPOPER-1_Mesa-de-trabajo-1-1229x1536.png"},"2048x2048":{"width":1638,"height":2048,"mime-type":"image\/png","url":"https:\/\/tlatelolcounam.mx\/uva\/wp-content\/uploads\/2023\/07\/SOCIAL_MEDIACION_KPOPER-1_Mesa-de-trabajo-1-1638x2048.png"},"superwise-featured-image":{"width":895,"height":430,"mime-type":"image\/png","url":"https:\/\/tlatelolcounam.mx\/uva\/wp-content\/uploads\/2023\/07\/SOCIAL_MEDIACION_KPOPER-1_Mesa-de-trabajo-1-895x430.png"},"superwise-medium":{"width":768,"height":510,"mime-type":"image\/png","url":"https:\/\/tlatelolcounam.mx\/uva\/wp-content\/uploads\/2023\/07\/SOCIAL_MEDIACION_KPOPER-1_Mesa-de-trabajo-1-768x510.png"},"superwise-square":{"width":768,"height":768,"mime-type":"image\/png","url":"https:\/\/tlatelolcounam.mx\/uva\/wp-content\/uploads\/2023\/07\/SOCIAL_MEDIACION_KPOPER-1_Mesa-de-trabajo-1-768x768.png"},"superwise-square-small":{"width":420,"height":420,"mime-type":"image\/png","url":"https:\/\/tlatelolcounam.mx\/uva\/wp-content\/uploads\/2023\/07\/SOCIAL_MEDIACION_KPOPER-1_Mesa-de-trabajo-1-420x420.png"}}},"all_day":false,"start_date":"2023-08-26 11:00:00","start_date_details":{"year":"2023","month":"08","day":"26","hour":"11","minutes":"00","seconds":"00"},"end_date":"2023-08-26 13:30:00","end_date_details":{"year":"2023","month":"08","day":"26","hour":"13","minutes":"30","seconds":"00"},"utc_start_date":"2023-08-26 11:00:00","utc_start_date_details":{"year":"2023","month":"08","day":"26","hour":"11","minutes":"00","seconds":"00"},"utc_end_date":"2023-08-26 13:30:00","utc_end_date_details":{"year":"2023","month":"08","day":"26","hour":"13","minutes":"30","seconds":"00"},"timezone":"UTC+0","timezone_abbr":"UTC+0","cost":"","cost_details":{"currency_symbol":"","currency_code":"","currency_position":"prefix","values":[]},"website":"","show_map":true,"show_map_link":false,"hide_from_listings":false,"sticky":true,"featured":false,"categories":[{"name":"Cartelera","slug":"cartelera","term_group":0,"term_taxonomy_id":39,"taxonomy":"tribe_events_cat","description":"","parent":0,"count":356,"filter":"raw","id":39,"urls":{"self":"https:\/\/tlatelolcounam.mx\/uva\/wp-json\/tribe\/events\/v1\/categories\/39","collection":"https:\/\/tlatelolcounam.mx\/uva\/wp-json\/tribe\/events\/v1\/categories"}}],"tags":[{"name":"Cartelera","slug":"cartelera","term_group":0,"term_taxonomy_id":42,"taxonomy":"post_tag","description":"","parent":0,"count":319,"filter":"raw","id":42,"urls":{"self":"https:\/\/tlatelolcounam.mx\/uva\/wp-json\/tribe\/events\/v1\/tags\/42","collection":"https:\/\/tlatelolcounam.mx\/uva\/wp-json\/tribe\/events\/v1\/tags"}},{"name":"J\u00f3venes","slug":"jovenes","term_group":0,"term_taxonomy_id":54,"taxonomy":"post_tag","description":"","parent":0,"count":73,"filter":"raw","id":54,"urls":{"self":"https:\/\/tlatelolcounam.mx\/uva\/wp-json\/tribe\/events\/v1\/tags\/54","collection":"https:\/\/tlatelolcounam.mx\/uva\/wp-json\/tribe\/events\/v1\/tags"}},{"name":"K-Pop","slug":"k-pop","term_group":0,"term_taxonomy_id":55,"taxonomy":"post_tag","description":"","parent":0,"count":12,"filter":"raw","id":55,"urls":{"self":"https:\/\/tlatelolcounam.mx\/uva\/wp-json\/tribe\/events\/v1\/tags\/55","collection":"https:\/\/tlatelolcounam.mx\/uva\/wp-json\/tribe\/events\/v1\/tags"}},{"name":"Mediaci\u00f3n lectora","slug":"mediacion-lectora","term_group":0,"term_taxonomy_id":58,"taxonomy":"post_tag","description":"","parent":0,"count":9,"filter":"raw","id":58,"urls":{"self":"https:\/\/tlatelolcounam.mx\/uva\/wp-json\/tribe\/events\/v1\/tags\/58","collection":"https:\/\/tlatelolcounam.mx\/uva\/wp-json\/tribe\/events\/v1\/tags"}}],"venue":{"id":2522,"author":"2","status":"publish","date":"2022-02-28 18:37:20","date_utc":"2022-02-28 18:37:20","modified":"2022-02-28 18:39:50","modified_utc":"2022-02-28 18:39:50","url":"https:\/\/tlatelolcounam.mx\/uva\/lugar\/unidad-de-vinculacion-artistica\/","venue":"Unidad de Vinculaci\u00f3n Art\u00edstica","slug":"unidad-de-vinculacion-artistica","address":"Ricardo Flores Mag\u00f3n #1, Col. Nonoalco-Tlatelolco","city":"Ciudad de M\u00e9xico","country":"Mexico","province":"Ciudad de M\u00e9xico","zip":"06995","stateprovince":"Ciudad de M\u00e9xico","json_ld":{"@type":"Place","name":"Unidad de Vinculaci\u00f3n Art\u00edstica","description":"","url":"","address":{"@type":"PostalAddress","streetAddress":"Ricardo Flores Mag\u00f3n #1, Col. Nonoalco-Tlatelolco","addressLocality":"Ciudad de M\u00e9xico","addressRegion":"Ciudad de M\u00e9xico","postalCode":"06995","addressCountry":"Mexico"},"telephone":"","sameAs":""},"show_map":true,"show_map_link":true,"global_id":"tlatelolcounam.mx\/uva?id=2522","global_id_lineage":["tlatelolcounam.mx\/uva?id=2522"]},"organizer":[{"id":1924,"author":"2","status":"publish","date":"2021-12-15 00:58:57","date_utc":"2021-12-15 00:58:57","modified":"2021-12-15 00:58:57","modified_utc":"2021-12-15 00:58:57","url":"https:\/\/tlatelolcounam.mx\/uva\/organizador\/biblioteca-alaide-foppa\/","organizer":"Biblioteca Ala\u00edde Foppa","slug":"biblioteca-alaide-foppa","email":"biblio.foppa.ccut@gmail.com","json_ld":{"@type":"Person","name":"Biblioteca Ala\u00edde Foppa","description":"","url":"","telephone":"","email":"&#98;&#105;&#98;li&#111;&#46;fop&#112;a&#46;&#99;&#99;&#117;t&#64;&#103;&#109;ail&#46;&#99;&#111;m","sameAs":""},"global_id":"tlatelolcounam.mx\/uva?id=1924","global_id_lineage":["tlatelolcounam.mx\/uva?id=1924"]}],"custom_fields":[],"json_ld":{"@context":"http:\/\/schema.org","@type":"Event","name":"\ud83d\udcda\ud83d\udcd6\ud83d\udc69\ud83c\udffb\u200d\ud83c\udfa4 \ud83c\udf99\ufe0f\ud83c\udfb6Mediaci\u00f3n K-Poper: Nuevos horizontes del fomento a la lectura","description":"&lt;p&gt;\ud83d\udcd6La lectura es mucho m\u00e1s que leer libros; es observar, escuchar, sentir y apropiarse de los mundos que nos rodean.&nbsp;&lt;a href=&quot;https:\/\/tlatelolcounam.mx\/uva\/event\/biblioteca-humana-kpoper\/&quot;&gt;&hellip;&lt;\/a&gt;&lt;\/p&gt;\\n","image":"https:\/\/tlatelolcounam.mx\/uva\/wp-content\/uploads\/2023\/07\/SOCIAL_MEDIACION_KPOPER-1_Mesa-de-trabajo-1.png","url":"https:\/\/tlatelolcounam.mx\/uva\/event\/biblioteca-humana-kpoper\/","eventAttendanceMode":"https:\/\/schema.org\/OfflineEventAttendanceMode","eventStatus":"https:\/\/schema.org\/EventScheduled","startDate":"2023-08-26T11:00:00+00:00","endDate":"2023-08-26T13:30:00+00:00","location":{"@type":"Place","name":"Unidad de Vinculaci\u00f3n Art\u00edstica","description":"","url":"","address":{"@type":"PostalAddress","streetAddress":"Ricardo Flores Mag\u00f3n #1, Col. Nonoalco-Tlatelolco","addressLocality":"Ciudad de M\u00e9xico","addressRegion":"Ciudad de M\u00e9xico","postalCode":"06995","addressCountry":"Mexico"},"telephone":"","sameAs":""},"organizer":{"@type":"Person","name":"Biblioteca Ala\u00edde Foppa","description":"","url":"","telephone":"","email":"b&#105;bl&#105;&#111;&#46;&#102;op&#112;a&#46;cc&#117;&#116;&#64;g&#109;&#97;il.c&#111;m","sameAs":""},"performer":"Organization"}}