{"id":3486,"global_id":"tlatelolcounam.mx\/uva?id=3486","global_id_lineage":["tlatelolcounam.mx\/uva?id=3486"],"author":"2","status":"publish","date":"2023-05-08 23:53:26","date_utc":"2023-05-08 23:53:26","modified":"2023-05-08 23:53:26","modified_utc":"2023-05-08 23:53:26","url":"https:\/\/tlatelolcounam.mx\/uva\/event\/atch-cuentos-23-05-04\/","rest_url":"https:\/\/tlatelolcounam.mx\/uva\/wp-json\/tribe\/events\/v1\/events\/3486","title":"\ud83d\udde3\ufe0f\ud83d\udcd6\u00a1AQU\u00cd T\u00da CUENTAS HISTORIAS!: La triste historia de amor de Quetzalc\u00f3atl y Mayahuel","description":"<p>\u00a1Funci\u00f3n presencial de cuentacuentos con <strong>Alma Rosa Rivera<\/strong>!\ud83d\ude0e<\/p>\n<p>Espect\u00e1culo de narraci\u00f3n oral esc\u00e9nica integrado por Leyendas del M\u00e9xico antiguo en las que conoceremos mitos y leyendas para explicarnos el origen de los seres y las cosas, tales como el conejo en la luna, el ma\u00edz y la historia del pulque.<\/p>\n<p>&#8220;\u00a1Aqu\u00ed t\u00fa cuentas historias!&#8221; es un programa de Universo de Letras (Literatura UNAM).<\/p>","excerpt":"","slug":"atch-cuentos-23-05-04","image":{"url":"https:\/\/tlatelolcounam.mx\/uva\/wp-content\/uploads\/2023\/05\/Redes-mayo-27.jpg","id":3476,"extension":"jpg","width":2501,"height":2501,"filesize":2449669,"sizes":{"thumbnail":{"width":150,"height":150,"mime-type":"image\/jpeg","url":"https:\/\/tlatelolcounam.mx\/uva\/wp-content\/uploads\/2023\/05\/Redes-mayo-27-150x150.jpg"},"medium":{"width":300,"height":300,"mime-type":"image\/jpeg","url":"https:\/\/tlatelolcounam.mx\/uva\/wp-content\/uploads\/2023\/05\/Redes-mayo-27-300x300.jpg"},"large":{"width":1024,"height":1024,"mime-type":"image\/jpeg","url":"https:\/\/tlatelolcounam.mx\/uva\/wp-content\/uploads\/2023\/05\/Redes-mayo-27-1024x1024.jpg"},"post-thumbnail":{"width":150,"height":150,"mime-type":"image\/jpeg","url":"https:\/\/tlatelolcounam.mx\/uva\/wp-content\/uploads\/2023\/05\/Redes-mayo-27-150x150.jpg"},"1536x1536":{"width":1536,"height":1536,"mime-type":"image\/jpeg","url":"https:\/\/tlatelolcounam.mx\/uva\/wp-content\/uploads\/2023\/05\/Redes-mayo-27-1536x1536.jpg"},"2048x2048":{"width":2048,"height":2048,"mime-type":"image\/jpeg","url":"https:\/\/tlatelolcounam.mx\/uva\/wp-content\/uploads\/2023\/05\/Redes-mayo-27-2048x2048.jpg"},"superwise-featured-image":{"width":895,"height":430,"mime-type":"image\/jpeg","url":"https:\/\/tlatelolcounam.mx\/uva\/wp-content\/uploads\/2023\/05\/Redes-mayo-27-895x430.jpg"},"superwise-medium":{"width":768,"height":510,"mime-type":"image\/jpeg","url":"https:\/\/tlatelolcounam.mx\/uva\/wp-content\/uploads\/2023\/05\/Redes-mayo-27-768x510.jpg"},"superwise-square":{"width":768,"height":768,"mime-type":"image\/jpeg","url":"https:\/\/tlatelolcounam.mx\/uva\/wp-content\/uploads\/2023\/05\/Redes-mayo-27-768x768.jpg"},"superwise-square-small":{"width":420,"height":420,"mime-type":"image\/jpeg","url":"https:\/\/tlatelolcounam.mx\/uva\/wp-content\/uploads\/2023\/05\/Redes-mayo-27-420x420.jpg"}}},"all_day":false,"start_date":"2023-05-27 13:00:00","start_date_details":{"year":"2023","month":"05","day":"27","hour":"13","minutes":"00","seconds":"00"},"end_date":"2023-05-27 14:00:00","end_date_details":{"year":"2023","month":"05","day":"27","hour":"14","minutes":"00","seconds":"00"},"utc_start_date":"2023-05-27 13:00:00","utc_start_date_details":{"year":"2023","month":"05","day":"27","hour":"13","minutes":"00","seconds":"00"},"utc_end_date":"2023-05-27 14:00:00","utc_end_date_details":{"year":"2023","month":"05","day":"27","hour":"14","minutes":"00","seconds":"00"},"timezone":"UTC+0","timezone_abbr":"UTC+0","cost":"","cost_details":{"currency_symbol":"","currency_code":"","currency_position":"prefix","values":[]},"website":"","show_map":true,"show_map_link":true,"hide_from_listings":false,"sticky":true,"featured":false,"categories":[{"name":"Cartelera","slug":"cartelera","term_group":0,"term_taxonomy_id":39,"taxonomy":"tribe_events_cat","description":"","parent":0,"count":356,"filter":"raw","id":39,"urls":{"self":"https:\/\/tlatelolcounam.mx\/uva\/wp-json\/tribe\/events\/v1\/categories\/39","collection":"https:\/\/tlatelolcounam.mx\/uva\/wp-json\/tribe\/events\/v1\/categories"}}],"tags":[{"name":"Aqu\u00ed t\u00fa cuentas historias","slug":"aqui-tu-cuentas-historias","term_group":0,"term_taxonomy_id":74,"taxonomy":"post_tag","description":"","parent":0,"count":30,"filter":"raw","id":74,"urls":{"self":"https:\/\/tlatelolcounam.mx\/uva\/wp-json\/tribe\/events\/v1\/tags\/74","collection":"https:\/\/tlatelolcounam.mx\/uva\/wp-json\/tribe\/events\/v1\/tags"}},{"name":"Cartelera","slug":"cartelera","term_group":0,"term_taxonomy_id":42,"taxonomy":"post_tag","description":"","parent":0,"count":319,"filter":"raw","id":42,"urls":{"self":"https:\/\/tlatelolcounam.mx\/uva\/wp-json\/tribe\/events\/v1\/tags\/42","collection":"https:\/\/tlatelolcounam.mx\/uva\/wp-json\/tribe\/events\/v1\/tags"}},{"name":"crecer entre libros","slug":"crecer-entre-libros","term_group":0,"term_taxonomy_id":48,"taxonomy":"post_tag","description":"","parent":0,"count":187,"filter":"raw","id":48,"urls":{"self":"https:\/\/tlatelolcounam.mx\/uva\/wp-json\/tribe\/events\/v1\/tags\/48","collection":"https:\/\/tlatelolcounam.mx\/uva\/wp-json\/tribe\/events\/v1\/tags"}}],"venue":{"id":2522,"author":"2","status":"publish","date":"2022-02-28 18:37:20","date_utc":"2022-02-28 18:37:20","modified":"2022-02-28 18:39:50","modified_utc":"2022-02-28 18:39:50","url":"https:\/\/tlatelolcounam.mx\/uva\/lugar\/unidad-de-vinculacion-artistica\/","venue":"Unidad de Vinculaci\u00f3n Art\u00edstica","slug":"unidad-de-vinculacion-artistica","address":"Ricardo Flores Mag\u00f3n #1, Col. Nonoalco-Tlatelolco","city":"Ciudad de M\u00e9xico","country":"Mexico","province":"Ciudad de M\u00e9xico","zip":"06995","stateprovince":"Ciudad de M\u00e9xico","json_ld":{"@type":"Place","name":"Unidad de Vinculaci\u00f3n Art\u00edstica","description":"","url":"","address":{"@type":"PostalAddress","streetAddress":"Ricardo Flores Mag\u00f3n #1, Col. Nonoalco-Tlatelolco","addressLocality":"Ciudad de M\u00e9xico","addressRegion":"Ciudad de M\u00e9xico","postalCode":"06995","addressCountry":"Mexico"},"telephone":"","sameAs":""},"show_map":true,"show_map_link":true,"global_id":"tlatelolcounam.mx\/uva?id=2522","global_id_lineage":["tlatelolcounam.mx\/uva?id=2522"]},"organizer":[{"id":1924,"author":"2","status":"publish","date":"2021-12-15 00:58:57","date_utc":"2021-12-15 00:58:57","modified":"2021-12-15 00:58:57","modified_utc":"2021-12-15 00:58:57","url":"https:\/\/tlatelolcounam.mx\/uva\/organizador\/biblioteca-alaide-foppa\/","organizer":"Biblioteca Ala\u00edde Foppa","slug":"biblioteca-alaide-foppa","email":"biblio.foppa.ccut@gmail.com","json_ld":{"@type":"Person","name":"Biblioteca Ala\u00edde Foppa","description":"","url":"","telephone":"","email":"b&#105;&#98;l&#105;&#111;&#46;&#102;oppa.&#99;&#99;u&#116;&#64;&#103;&#109;a&#105;l.&#99;om","sameAs":""},"global_id":"tlatelolcounam.mx\/uva?id=1924","global_id_lineage":["tlatelolcounam.mx\/uva?id=1924"]}],"custom_fields":[],"json_ld":{"@context":"http:\/\/schema.org","@type":"Event","name":"\ud83d\udde3\ufe0f\ud83d\udcd6\u00a1AQU\u00cd T\u00da CUENTAS HISTORIAS!: La triste historia de amor de Quetzalc\u00f3atl y Mayahuel","description":"&lt;p&gt;\u00a1Funci\u00f3n presencial de cuentacuentos con Alma Rosa Rivera!\ud83d\ude0e Espect\u00e1culo de narraci\u00f3n oral esc\u00e9nica integrado por Leyendas del M\u00e9xico antiguo en&nbsp;&lt;a href=&quot;https:\/\/tlatelolcounam.mx\/uva\/event\/atch-cuentos-23-05-04\/&quot;&gt;&hellip;&lt;\/a&gt;&lt;\/p&gt;\\n","image":"https:\/\/tlatelolcounam.mx\/uva\/wp-content\/uploads\/2023\/05\/Redes-mayo-27.jpg","url":"https:\/\/tlatelolcounam.mx\/uva\/event\/atch-cuentos-23-05-04\/","eventAttendanceMode":"https:\/\/schema.org\/OfflineEventAttendanceMode","eventStatus":"https:\/\/schema.org\/EventScheduled","startDate":"2023-05-27T13:00:00+00:00","endDate":"2023-05-27T14:00:00+00:00","location":{"@type":"Place","name":"Unidad de Vinculaci\u00f3n Art\u00edstica","description":"","url":"","address":{"@type":"PostalAddress","streetAddress":"Ricardo Flores Mag\u00f3n #1, Col. Nonoalco-Tlatelolco","addressLocality":"Ciudad de M\u00e9xico","addressRegion":"Ciudad de M\u00e9xico","postalCode":"06995","addressCountry":"Mexico"},"telephone":"","sameAs":""},"organizer":{"@type":"Person","name":"Biblioteca Ala\u00edde Foppa","description":"","url":"","telephone":"","email":"&#98;ibl&#105;o&#46;&#102;&#111;&#112;pa&#46;&#99;&#99;ut&#64;&#103;ma&#105;l.com","sameAs":""},"performer":"Organization"}}