{"id":2975,"global_id":"tlatelolcounam.mx\/uva?id=2975","global_id_lineage":["tlatelolcounam.mx\/uva?id=2975"],"author":"2","status":"publish","date":"2022-08-29 19:54:33","date_utc":"2022-08-29 19:54:33","modified":"2022-08-29 19:54:33","modified_utc":"2022-08-29 19:54:33","url":"https:\/\/tlatelolcounam.mx\/uva\/event\/atth-cuentos-9-4\/","rest_url":"https:\/\/tlatelolcounam.mx\/uva\/wp-json\/tribe\/events\/v1\/events\/2975","title":"\ud83e\uddf6\ud83d\udcd6\u00a1AQU\u00cd T\u00da TEJES HISTORIAS!: Cuentos para imaginar un mundo mejor","description":"<p>\u00a1Volvamos a escuchar cuentos en vivo! \ud83d\ude46\ud83c\udffd\u200d\u2640\ufe0f\ud83d\ude46\ud83c\udffd\u200d\u2640\ufe0f\ud83d\ude46\ud83c\udffd\u200d\u2640\ufe0f<\/p>\n<p>\u00a1Funci\u00f3n presencial de cuentacuentos con Jennifer Boni!\ud83d\ude0e<\/p>\n<p>&#8220;\u00a1Aqu\u00ed t\u00fa tejes historias!&#8221; es un programa de Universo de Letras (Literatura UNAM).<\/p>","excerpt":"","slug":"atth-cuentos-9-4","image":{"url":"https:\/\/tlatelolcounam.mx\/uva\/wp-content\/uploads\/2022\/08\/24-Septiembre.png","id":2965,"extension":"png","width":3001,"height":3001,"sizes":{"thumbnail":{"width":150,"height":150,"mime-type":"image\/png","url":"https:\/\/tlatelolcounam.mx\/uva\/wp-content\/uploads\/2022\/08\/24-Septiembre-150x150.png"},"medium":{"width":300,"height":300,"mime-type":"image\/png","url":"https:\/\/tlatelolcounam.mx\/uva\/wp-content\/uploads\/2022\/08\/24-Septiembre-300x300.png"},"large":{"width":1024,"height":1024,"mime-type":"image\/png","url":"https:\/\/tlatelolcounam.mx\/uva\/wp-content\/uploads\/2022\/08\/24-Septiembre-1024x1024.png"},"post-thumbnail":{"width":150,"height":150,"mime-type":"image\/png","url":"https:\/\/tlatelolcounam.mx\/uva\/wp-content\/uploads\/2022\/08\/24-Septiembre-150x150.png"},"1536x1536":{"width":1536,"height":1536,"mime-type":"image\/png","url":"https:\/\/tlatelolcounam.mx\/uva\/wp-content\/uploads\/2022\/08\/24-Septiembre-1536x1536.png"},"2048x2048":{"width":2048,"height":2048,"mime-type":"image\/png","url":"https:\/\/tlatelolcounam.mx\/uva\/wp-content\/uploads\/2022\/08\/24-Septiembre-2048x2048.png"},"superwise-featured-image":{"width":895,"height":430,"mime-type":"image\/png","url":"https:\/\/tlatelolcounam.mx\/uva\/wp-content\/uploads\/2022\/08\/24-Septiembre-895x430.png"},"superwise-medium":{"width":768,"height":510,"mime-type":"image\/png","url":"https:\/\/tlatelolcounam.mx\/uva\/wp-content\/uploads\/2022\/08\/24-Septiembre-768x510.png"},"superwise-square":{"width":768,"height":768,"mime-type":"image\/png","url":"https:\/\/tlatelolcounam.mx\/uva\/wp-content\/uploads\/2022\/08\/24-Septiembre-768x768.png"},"superwise-square-small":{"width":420,"height":420,"mime-type":"image\/png","url":"https:\/\/tlatelolcounam.mx\/uva\/wp-content\/uploads\/2022\/08\/24-Septiembre-420x420.png"}}},"all_day":false,"start_date":"2022-09-24 13:00:00","start_date_details":{"year":"2022","month":"09","day":"24","hour":"13","minutes":"00","seconds":"00"},"end_date":"2022-09-24 14:00:00","end_date_details":{"year":"2022","month":"09","day":"24","hour":"14","minutes":"00","seconds":"00"},"utc_start_date":"2022-09-24 13:00:00","utc_start_date_details":{"year":"2022","month":"09","day":"24","hour":"13","minutes":"00","seconds":"00"},"utc_end_date":"2022-09-24 14:00:00","utc_end_date_details":{"year":"2022","month":"09","day":"24","hour":"14","minutes":"00","seconds":"00"},"timezone":"UTC+0","timezone_abbr":"UTC+0","cost":"","cost_details":{"currency_symbol":"","currency_code":"","currency_position":"prefix","values":[]},"website":"","show_map":true,"show_map_link":true,"hide_from_listings":false,"sticky":true,"featured":false,"categories":[{"name":"Cartelera","slug":"cartelera","term_group":0,"term_taxonomy_id":39,"taxonomy":"tribe_events_cat","description":"","parent":0,"count":356,"filter":"raw","id":39,"urls":{"self":"https:\/\/tlatelolcounam.mx\/uva\/wp-json\/tribe\/events\/v1\/categories\/39","collection":"https:\/\/tlatelolcounam.mx\/uva\/wp-json\/tribe\/events\/v1\/categories"}}],"tags":[{"name":"Aqu\u00ed t\u00fa tejes historias","slug":"aqui-tu-tejes-historias","term_group":0,"term_taxonomy_id":61,"taxonomy":"post_tag","description":"","parent":0,"count":37,"filter":"raw","id":61,"urls":{"self":"https:\/\/tlatelolcounam.mx\/uva\/wp-json\/tribe\/events\/v1\/tags\/61","collection":"https:\/\/tlatelolcounam.mx\/uva\/wp-json\/tribe\/events\/v1\/tags"}},{"name":"Cartelera","slug":"cartelera","term_group":0,"term_taxonomy_id":42,"taxonomy":"post_tag","description":"","parent":0,"count":319,"filter":"raw","id":42,"urls":{"self":"https:\/\/tlatelolcounam.mx\/uva\/wp-json\/tribe\/events\/v1\/tags\/42","collection":"https:\/\/tlatelolcounam.mx\/uva\/wp-json\/tribe\/events\/v1\/tags"}},{"name":"crecer entre libros","slug":"crecer-entre-libros","term_group":0,"term_taxonomy_id":48,"taxonomy":"post_tag","description":"","parent":0,"count":187,"filter":"raw","id":48,"urls":{"self":"https:\/\/tlatelolcounam.mx\/uva\/wp-json\/tribe\/events\/v1\/tags\/48","collection":"https:\/\/tlatelolcounam.mx\/uva\/wp-json\/tribe\/events\/v1\/tags"}}],"venue":{"id":2522,"author":"2","status":"publish","date":"2022-02-28 18:37:20","date_utc":"2022-02-28 18:37:20","modified":"2022-02-28 18:39:50","modified_utc":"2022-02-28 18:39:50","url":"https:\/\/tlatelolcounam.mx\/uva\/lugar\/unidad-de-vinculacion-artistica\/","venue":"Unidad de Vinculaci\u00f3n Art\u00edstica","slug":"unidad-de-vinculacion-artistica","address":"Ricardo Flores Mag\u00f3n #1, Col. Nonoalco-Tlatelolco","city":"Ciudad de M\u00e9xico","country":"Mexico","province":"Ciudad de M\u00e9xico","zip":"06995","stateprovince":"Ciudad de M\u00e9xico","json_ld":{"@type":"Place","name":"Unidad de Vinculaci\u00f3n Art\u00edstica","description":"","url":"","address":{"@type":"PostalAddress","streetAddress":"Ricardo Flores Mag\u00f3n #1, Col. Nonoalco-Tlatelolco","addressLocality":"Ciudad de M\u00e9xico","addressRegion":"Ciudad de M\u00e9xico","postalCode":"06995","addressCountry":"Mexico"},"telephone":"","sameAs":""},"show_map":true,"show_map_link":true,"global_id":"tlatelolcounam.mx\/uva?id=2522","global_id_lineage":["tlatelolcounam.mx\/uva?id=2522"]},"organizer":[{"id":1924,"author":"2","status":"publish","date":"2021-12-15 00:58:57","date_utc":"2021-12-15 00:58:57","modified":"2021-12-15 00:58:57","modified_utc":"2021-12-15 00:58:57","url":"https:\/\/tlatelolcounam.mx\/uva\/organizador\/biblioteca-alaide-foppa\/","organizer":"Biblioteca Ala\u00edde Foppa","slug":"biblioteca-alaide-foppa","email":"biblio.foppa.ccut@gmail.com","json_ld":{"@type":"Person","name":"Biblioteca Ala\u00edde Foppa","description":"","url":"","telephone":"","email":"&#98;i&#98;lio.&#102;o&#112;&#112;a.c&#99;&#117;&#116;&#64;&#103;&#109;&#97;il&#46;&#99;&#111;&#109;","sameAs":""},"global_id":"tlatelolcounam.mx\/uva?id=1924","global_id_lineage":["tlatelolcounam.mx\/uva?id=1924"]}],"custom_fields":[],"json_ld":{"@context":"http:\/\/schema.org","@type":"Event","name":"\ud83e\uddf6\ud83d\udcd6\u00a1AQU\u00cd T\u00da TEJES HISTORIAS!: Cuentos para imaginar un mundo mejor","description":"&lt;p&gt;\u00a1Volvamos a escuchar cuentos en vivo! \ud83d\ude46\ud83c\udffd\u200d\u2640\ufe0f\ud83d\ude46\ud83c\udffd\u200d\u2640\ufe0f\ud83d\ude46\ud83c\udffd\u200d\u2640\ufe0f \u00a1Funci\u00f3n presencial de cuentacuentos con Jennifer Boni!\ud83d\ude0e &quot;\u00a1Aqu\u00ed t\u00fa tejes historias!&quot; es un&nbsp;&lt;a href=&quot;https:\/\/tlatelolcounam.mx\/uva\/event\/atth-cuentos-9-4\/&quot;&gt;&hellip;&lt;\/a&gt;&lt;\/p&gt;\\n","image":"https:\/\/tlatelolcounam.mx\/uva\/wp-content\/uploads\/2022\/08\/24-Septiembre.png","url":"https:\/\/tlatelolcounam.mx\/uva\/event\/atth-cuentos-9-4\/","eventAttendanceMode":"https:\/\/schema.org\/OfflineEventAttendanceMode","eventStatus":"https:\/\/schema.org\/EventScheduled","startDate":"2022-09-24T13:00:00+00:00","endDate":"2022-09-24T14:00:00+00:00","location":{"@type":"Place","name":"Unidad de Vinculaci\u00f3n Art\u00edstica","description":"","url":"","address":{"@type":"PostalAddress","streetAddress":"Ricardo Flores Mag\u00f3n #1, Col. Nonoalco-Tlatelolco","addressLocality":"Ciudad de M\u00e9xico","addressRegion":"Ciudad de M\u00e9xico","postalCode":"06995","addressCountry":"Mexico"},"telephone":"","sameAs":""},"organizer":{"@type":"Person","name":"Biblioteca Ala\u00edde Foppa","description":"","url":"","telephone":"","email":"&#98;i&#98;l&#105;&#111;&#46;&#102;o&#112;pa&#46;&#99;&#99;ut&#64;gm&#97;il&#46;&#99;om","sameAs":""},"performer":"Organization"}}