{"id":2924,"global_id":"tlatelolcounam.mx\/uva?id=2924","global_id_lineage":["tlatelolcounam.mx\/uva?id=2924"],"author":"2","status":"publish","date":"2022-08-18 18:56:43","date_utc":"2022-08-18 18:56:43","modified":"2022-08-22 18:02:24","modified_utc":"2022-08-22 18:02:24","url":"https:\/\/tlatelolcounam.mx\/uva\/event\/mira-libritos-8\/","rest_url":"https:\/\/tlatelolcounam.mx\/uva\/wp-json\/tribe\/events\/v1\/events\/2924","title":"\ud83d\udcf0\ud83c\udfa8\ud83d\uddef\ufe0fMIRAR LIBRITOS. Publicaciones independientes y alternativas","description":"<p>\u00a1ARRIBA LAS AUTOPUBLICACIONES Y LA AUTONOM\u00cdA EDITORIAL!<\/p>\n<p>De la mano de la genial Carola Diez, una de las grandes formadoras de mediadorxs de lectura del pa\u00eds, y DianVicius, joven fanzinera e investigadora independiente, vamos a echar un vistazo a un mundo que no siempre es considerado parte del fomento a la lectura.<\/p>\n<p><span style=\"font-weight: 400;\">Compartamos y exploremos en colectivo lecturas de diferentes or\u00edgenes para ni\u00f1xs y j\u00f3venes; qu\u00e9 nos provocan, qu\u00e9 hemos hecho con ellos, qu\u00e9 les han hecho a las personas a nuestro alrededor y qu\u00e9 podr\u00eda hacerse con ellos en otros contextos.<\/span><\/p>\n<p>&nbsp;<\/p>","excerpt":"","slug":"mira-libritos-8","image":{"url":"https:\/\/tlatelolcounam.mx\/uva\/wp-content\/uploads\/2022\/08\/02.-oe_mirar_libritos_agosto_1080x1350px-scaled.jpg","id":2898,"extension":"jpg","width":2048,"height":2560,"sizes":{"thumbnail":{"width":150,"height":150,"mime-type":"image\/jpeg","url":"https:\/\/tlatelolcounam.mx\/uva\/wp-content\/uploads\/2022\/08\/02.-oe_mirar_libritos_agosto_1080x1350px-scaled-150x150.jpg"},"medium":{"width":240,"height":300,"mime-type":"image\/jpeg","url":"https:\/\/tlatelolcounam.mx\/uva\/wp-content\/uploads\/2022\/08\/02.-oe_mirar_libritos_agosto_1080x1350px-scaled-240x300.jpg"},"large":{"width":819,"height":1024,"mime-type":"image\/jpeg","url":"https:\/\/tlatelolcounam.mx\/uva\/wp-content\/uploads\/2022\/08\/02.-oe_mirar_libritos_agosto_1080x1350px-scaled-819x1024.jpg"},"post-thumbnail":{"width":120,"height":150,"mime-type":"image\/jpeg","url":"https:\/\/tlatelolcounam.mx\/uva\/wp-content\/uploads\/2022\/08\/02.-oe_mirar_libritos_agosto_1080x1350px-scaled-120x150.jpg"},"1536x1536":{"width":1229,"height":1536,"mime-type":"image\/jpeg","url":"https:\/\/tlatelolcounam.mx\/uva\/wp-content\/uploads\/2022\/08\/02.-oe_mirar_libritos_agosto_1080x1350px-scaled-1229x1536.jpg"},"2048x2048":{"width":1638,"height":2048,"mime-type":"image\/jpeg","url":"https:\/\/tlatelolcounam.mx\/uva\/wp-content\/uploads\/2022\/08\/02.-oe_mirar_libritos_agosto_1080x1350px-scaled-1638x2048.jpg"},"superwise-featured-image":{"width":895,"height":430,"mime-type":"image\/jpeg","url":"https:\/\/tlatelolcounam.mx\/uva\/wp-content\/uploads\/2022\/08\/02.-oe_mirar_libritos_agosto_1080x1350px-scaled-895x430.jpg"},"superwise-medium":{"width":768,"height":510,"mime-type":"image\/jpeg","url":"https:\/\/tlatelolcounam.mx\/uva\/wp-content\/uploads\/2022\/08\/02.-oe_mirar_libritos_agosto_1080x1350px-scaled-768x510.jpg"},"superwise-square":{"width":768,"height":768,"mime-type":"image\/jpeg","url":"https:\/\/tlatelolcounam.mx\/uva\/wp-content\/uploads\/2022\/08\/02.-oe_mirar_libritos_agosto_1080x1350px-scaled-768x768.jpg"},"superwise-square-small":{"width":420,"height":420,"mime-type":"image\/jpeg","url":"https:\/\/tlatelolcounam.mx\/uva\/wp-content\/uploads\/2022\/08\/02.-oe_mirar_libritos_agosto_1080x1350px-scaled-420x420.jpg"}},"original_image":"02.-oe_mirar_libritos_agosto_1080x1350px.jpg"},"all_day":false,"start_date":"2022-08-25 17:00:00","start_date_details":{"year":"2022","month":"08","day":"25","hour":"17","minutes":"00","seconds":"00"},"end_date":"2022-08-25 19:00:00","end_date_details":{"year":"2022","month":"08","day":"25","hour":"19","minutes":"00","seconds":"00"},"utc_start_date":"2022-08-25 17:00:00","utc_start_date_details":{"year":"2022","month":"08","day":"25","hour":"17","minutes":"00","seconds":"00"},"utc_end_date":"2022-08-25 19:00:00","utc_end_date_details":{"year":"2022","month":"08","day":"25","hour":"19","minutes":"00","seconds":"00"},"timezone":"UTC+0","timezone_abbr":"UTC+0","cost":"","cost_details":{"currency_symbol":"","currency_code":"","currency_position":"prefix","values":[]},"website":"https:\/\/www.youtube.com\/user\/UVACCUT","show_map":false,"show_map_link":false,"hide_from_listings":false,"sticky":true,"featured":false,"categories":[{"name":"Cartelera","slug":"cartelera","term_group":0,"term_taxonomy_id":39,"taxonomy":"tribe_events_cat","description":"","parent":0,"count":356,"filter":"raw","id":39,"urls":{"self":"https:\/\/tlatelolcounam.mx\/uva\/wp-json\/tribe\/events\/v1\/categories\/39","collection":"https:\/\/tlatelolcounam.mx\/uva\/wp-json\/tribe\/events\/v1\/categories"}}],"tags":[{"name":"Bibliotecas y cultura de paz","slug":"bibliotecas-y-cultura-de-paz","term_group":0,"term_taxonomy_id":57,"taxonomy":"post_tag","description":"","parent":0,"count":30,"filter":"raw","id":57,"urls":{"self":"https:\/\/tlatelolcounam.mx\/uva\/wp-json\/tribe\/events\/v1\/tags\/57","collection":"https:\/\/tlatelolcounam.mx\/uva\/wp-json\/tribe\/events\/v1\/tags"}},{"name":"Cartelera","slug":"cartelera","term_group":0,"term_taxonomy_id":42,"taxonomy":"post_tag","description":"","parent":0,"count":319,"filter":"raw","id":42,"urls":{"self":"https:\/\/tlatelolcounam.mx\/uva\/wp-json\/tribe\/events\/v1\/tags\/42","collection":"https:\/\/tlatelolcounam.mx\/uva\/wp-json\/tribe\/events\/v1\/tags"}},{"name":"Mediaci\u00f3n lectora","slug":"mediacion-lectora","term_group":0,"term_taxonomy_id":58,"taxonomy":"post_tag","description":"","parent":0,"count":9,"filter":"raw","id":58,"urls":{"self":"https:\/\/tlatelolcounam.mx\/uva\/wp-json\/tribe\/events\/v1\/tags\/58","collection":"https:\/\/tlatelolcounam.mx\/uva\/wp-json\/tribe\/events\/v1\/tags"}}],"venue":{"id":2467,"author":"2","status":"publish","date":"2022-02-25 06:09:46","date_utc":"2022-02-25 06:09:46","modified":"2022-02-25 06:09:46","modified_utc":"2022-02-25 06:09:46","url":"https:\/\/tlatelolcounam.mx\/uva\/lugar\/youtube\/","venue":"YouTube","slug":"youtube","json_ld":{"@type":"Place","name":"YouTube","description":"","url":"","address":{"@type":"PostalAddress"},"telephone":"","sameAs":""},"show_map":true,"show_map_link":true,"global_id":"tlatelolcounam.mx\/uva?id=2467","global_id_lineage":["tlatelolcounam.mx\/uva?id=2467"]},"organizer":[{"id":1924,"author":"2","status":"publish","date":"2021-12-15 00:58:57","date_utc":"2021-12-15 00:58:57","modified":"2021-12-15 00:58:57","modified_utc":"2021-12-15 00:58:57","url":"https:\/\/tlatelolcounam.mx\/uva\/organizador\/biblioteca-alaide-foppa\/","organizer":"Biblioteca Ala\u00edde Foppa","slug":"biblioteca-alaide-foppa","email":"biblio.foppa.ccut@gmail.com","json_ld":{"@type":"Person","name":"Biblioteca Ala\u00edde Foppa","description":"","url":"","telephone":"","email":"&#98;i&#98;&#108;&#105;&#111;.&#102;opp&#97;.&#99;c&#117;&#116;&#64;&#103;&#109;a&#105;l&#46;c&#111;m","sameAs":""},"global_id":"tlatelolcounam.mx\/uva?id=1924","global_id_lineage":["tlatelolcounam.mx\/uva?id=1924"]}],"custom_fields":[],"json_ld":{"@context":"http:\/\/schema.org","@type":"Event","name":"\ud83d\udcf0\ud83c\udfa8\ud83d\uddef\ufe0fMIRAR LIBRITOS. Publicaciones independientes y alternativas","description":"&lt;p&gt;\u00a1ARRIBA LAS AUTOPUBLICACIONES Y LA AUTONOM\u00cdA EDITORIAL! De la mano de la genial Carola Diez, una de las grandes formadoras&nbsp;&lt;a href=&quot;https:\/\/tlatelolcounam.mx\/uva\/event\/mira-libritos-8\/&quot;&gt;&hellip;&lt;\/a&gt;&lt;\/p&gt;\\n","image":"https:\/\/tlatelolcounam.mx\/uva\/wp-content\/uploads\/2022\/08\/02.-oe_mirar_libritos_agosto_1080x1350px-scaled.jpg","url":"https:\/\/tlatelolcounam.mx\/uva\/event\/mira-libritos-8\/","eventAttendanceMode":"https:\/\/schema.org\/OfflineEventAttendanceMode","eventStatus":"https:\/\/schema.org\/EventScheduled","startDate":"2022-08-25T17:00:00+00:00","endDate":"2022-08-25T19:00:00+00:00","location":{"@type":"Place","name":"YouTube","description":"","url":"","address":{"@type":"PostalAddress"},"telephone":"","sameAs":""},"organizer":{"@type":"Person","name":"Biblioteca Ala\u00edde Foppa","description":"","url":"","telephone":"","email":"b&#105;&#98;l&#105;&#111;&#46;&#102;opp&#97;.c&#99;&#117;&#116;&#64;&#103;&#109;&#97;&#105;l.c&#111;m","sameAs":""},"performer":"Organization"}}